{"id":6151,"date":"2009-07-22T11:01:45","date_gmt":"2009-07-22T15:01:45","guid":{"rendered":"http:\/\/www.redenoticia.com.br\/noticia\/?p=6151"},"modified":"2009-07-22T11:01:45","modified_gmt":"2009-07-22T15:01:45","slug":"internet-amiga-ou-inimiga-da-educacao","status":"publish","type":"post","link":"https:\/\/migracao.redenoticia.com.br\/noticia\/2009\/internet-amiga-ou-inimiga-da-educacao\/6151","title":{"rendered":"Internet: Amiga ou inimiga da educa\u00e7\u00e3o"},"content":{"rendered":"<p>A internet, muitas vezes, \u00e9 vista como inimiga da educa\u00e7\u00e3o. Retratada como um ambiente descontrolado onde sobra material pornogr\u00e1fico, inutilidades v\u00e1rias e artigos de cultura in\u00fatil. Mas alguns profissionais, atualizados com as evolu\u00e7\u00f5es no mundo da comunica\u00e7\u00e3o e da web, enxergam esse mundo poss\u00edvel com outro olhar: nessa terra sem lei, sobram oportunidades, mesmo que an\u00e1rquicas, de conhecimento, ferramentas us\u00e1veis na sala de aula e fora dela, \u00fateis na hora de manter o aprendizado dos alunos em momentos de divers\u00e3o e descontra\u00e7\u00e3o.<\/p>\n<p>A Wikip\u00e9dia \u00e9 um dos exemplos mais claros de como o digital pode favorecer o conhecimento e o desenvolvimento intelectual. Com 7,5 milh\u00f5es de artigos, o site colaborativo pode ser alterado por qualquer um e se apresenta como uma poderosa ferramenta educacional. O site possui v\u00e1rios portais de conte\u00fado educativo com materiais de Arte, Hist\u00f3ria, Matem\u00e1tica e Filosofia.<\/p>\n<p>Mas \u00e9 importante deixar claro que a internet s\u00f3 \u00e9 fonte de conhecimento quando o usu\u00e1rio procura por esse conhecimento. Caso contr\u00e1rio, a crian\u00e7a ou o jovem desviar\u00e3o de todo e qualquer conte\u00fado interessante e atingir\u00e3o materiais que n\u00e3o agregar\u00e3o a sua forma\u00e7\u00e3o.<\/p>\n<p>\u00c9 nesse momento que o educador entra em cena. Mostrando caminhos, abrindo trilhas pelas teias de informa\u00e7\u00e3o e mostrando o alvo certo ao aluno. A escola deve ultrapassar as cadeiras tradicionais e invadir o espa\u00e7o eletr\u00f4nico, ensinando o aluno a utilizar com consci\u00eancia o mundo de possibilidades que \u00e9 a internet. N\u00e3o podemos esperar que uma crian\u00e7a de nove anos prefira o site da TV Escola aos jogos do Cartoon Network, \u00e9 fun\u00e7\u00e3o de pais e educadores mostrar que sites educativos podem ser interessantes e divertidos.<\/p>\n<p>Quanto aos adolescentes, muito do que eles sabem sobre a internet foi aprendido de forma autodidata, e muito desse aprendizado n\u00e3o foca na qualidade, mas na facilidade. Um exemplo claro \u00e9 o n\u00famero de trabalhos feitos na base do \u201ccopia e cola\u201d. Esse mau h\u00e1bito pede por reeduca\u00e7\u00e3o, conscientiza\u00e7\u00e3o dos jovens, no sentido de que o aprendizado acontece superficialmente com um m\u00e9todo no qual uma pesquisa acontece apenas com o clique do mouse, e n\u00e3o com o bater do teclado e o giro do pensamento.<\/p>\n<p>Cabe a pais e educadores, a partir das informa\u00e7\u00f5es aqui contidas e em outros in\u00fameros artigos sobre internet e aprendizado, decidirem como usar essa poderosa ferramenta, a favor ou contra, amiga ou inimiga da educa\u00e7\u00e3o e do desenvolvimento intelectual de seus filhos e alunos.<\/p>\n<p><strong><em>Eduardo Shinyashiki<\/em><\/strong><strong><em> <\/em><\/strong><strong><em>\u00e9 consultor, palestrante e diretor da Sociedade Cre Ser. Autor do livro Viva Como Voc\u00ea quer Viver, da Editora Gente<\/em><\/strong><em><\/em><\/p>\n","protected":false},"excerpt":{"rendered":"<p>A internet, muitas vezes, \u00e9 vista como inimiga da educa\u00e7\u00e3o. Retratada como um ambiente descontrolado onde sobra material pornogr\u00e1fico, inutilidades v\u00e1rias e artigos de cultura in\u00fatil. Mas alguns profissionais, atualizados com as evolu\u00e7\u00f5es no mundo da comunica\u00e7\u00e3o e da web, enxergam esse mundo poss\u00edvel com outro olhar: nessa terra sem lei, sobram oportunidades, mesmo que [&hellip;]<\/p>\n","protected":false},"author":2,"featured_media":0,"comment_status":"open","ping_status":"open","sticky":false,"template":"","format":"standard","meta":{"tdm_status":"","tdm_grid_status":"","footnotes":""},"categories":[22],"tags":[],"class_list":{"0":"post-6151","1":"post","2":"type-post","3":"status-publish","4":"format-standard","6":"category-brasil"},"_links":{"self":[{"href":"https:\/\/migracao.redenoticia.com.br\/noticia\/wp-json\/wp\/v2\/posts\/6151","targetHints":{"allow":["GET"]}}],"collection":[{"href":"https:\/\/migracao.redenoticia.com.br\/noticia\/wp-json\/wp\/v2\/posts"}],"about":[{"href":"https:\/\/migracao.redenoticia.com.br\/noticia\/wp-json\/wp\/v2\/types\/post"}],"author":[{"embeddable":true,"href":"https:\/\/migracao.redenoticia.com.br\/noticia\/wp-json\/wp\/v2\/users\/2"}],"replies":[{"embeddable":true,"href":"https:\/\/migracao.redenoticia.com.br\/noticia\/wp-json\/wp\/v2\/comments?post=6151"}],"version-history":[{"count":0,"href":"https:\/\/migracao.redenoticia.com.br\/noticia\/wp-json\/wp\/v2\/posts\/6151\/revisions"}],"wp:attachment":[{"href":"https:\/\/migracao.redenoticia.com.br\/noticia\/wp-json\/wp\/v2\/media?parent=6151"}],"wp:term":[{"taxonomy":"category","embeddable":true,"href":"https:\/\/migracao.redenoticia.com.br\/noticia\/wp-json\/wp\/v2\/categories?post=6151"},{"taxonomy":"post_tag","embeddable":true,"href":"https:\/\/migracao.redenoticia.com.br\/noticia\/wp-json\/wp\/v2\/tags?post=6151"}],"curies":[{"name":"wp","href":"https:\/\/api.w.org\/{rel}","templated":true}]}}