{"id":6153,"date":"2009-07-22T11:06:45","date_gmt":"2009-07-22T15:06:45","guid":{"rendered":"http:\/\/www.redenoticia.com.br\/noticia\/?p=6153"},"modified":"2009-07-27T02:06:31","modified_gmt":"2009-07-27T02:06:31","slug":"climatempo-informa-que-frente-fria-se-aproxima-do-estado-de-sao-paulo","status":"publish","type":"post","link":"https:\/\/migracao.redenoticia.com.br\/noticia\/2009\/climatempo-informa-que-frente-fria-se-aproxima-do-estado-de-sao-paulo\/6153","title":{"rendered":"Climatempo informa que frente fria se aproxima do estado de S\u00e3o Paulo"},"content":{"rendered":"<p>Climatempo &#8211; Uma frente fria vinda do Sul do Brasil se aproxima do Estado de S\u00e3o Paulo e amanh\u00e3 deixa o tempo fechado no sul, no oeste e em parte do leste do Estado. Na Baixada Santista, a quinta-feira amanhece nublada, com chuva principalmente \u00e0 tarde e \u00e0 noite. Na capital, ocorrem algumas aberturas de sol pela manh\u00e3, mas \u00e0 tarde as nuvens aumentam e ocorrem pancadas de chuva. H\u00e1 risco de ventania.<\/p>\n<p>Na sexta e no s\u00e1bado, o tempo fica fechado o dia todo. Na Baixada Santista, o mar fica agitado durante todo o fim de semana, com ondas de at\u00e9 2 metros. A temperatura vai cair muito com a chegada de uma forte massa de ar polar. Segundo, a Climatempo, o sol reaparece no domingo, mas o tempo ainda n\u00e3o fica firme. O c\u00e9u fica cheio de nuvens e ainda chove a qualquer hora do dia.<\/p>\n<p>Sobre o Grupo Climatempo<\/p>\n<p>O Grupo Climatempo \u00e9 a maior empresa privada de meteorologia do pa\u00eds. Uma holding formada pela Climatempo Consultoria, Ag\u00eancia Climatempo, a TV Climatempo e a CLIMANET (Internet, servi\u00e7os de tecnologia e inform\u00e1tica). Atualmente, o Grupo Climatempo fornece conte\u00fado para os principais portais do pa\u00eds, mais de 50 retransmissoras de televis\u00e3o do Brasil, r\u00e1dios e tem cerca de mil clientes. Os dois principais segmentos atendidos s\u00e3o o de agroneg\u00f3cios e meios de comunica\u00e7\u00e3o. Al\u00e9m destes, fornece conte\u00fado meteorol\u00f3gico estrat\u00e9gico para produtoras, a ind\u00fastria eletroeletr\u00f4nica e t\u00eaxtil, com\u00e9rcio, moda e turismo, constru\u00e7\u00e3o civil, setor de energia, entre outros setores.<\/p>\n<p>O Grupo \u00e9 presidido pelo meteorologista Carlos Magno, um dos primeiros comunicadores da profiss\u00e3o no Pa\u00eds, com mais de 23 anos de carreira, que ajudou a mudar a cultura que o brasileiro tinha sobre a meteorologia. O Grupo Climatempo conta ainda com Ana L\u00facia Frony vice-presidente, Renato Urbinder, s\u00f3cio-diretor (Diretor de Neg\u00f3cios e Projetos Especiais), e os diretores executivos Gilca Palma (Climatempo Meteorologia), Andr\u00e9 Madeira (Ag\u00eancia Climatempo) e o jornalista Paulo Polli (TV Climatempo) no Conselho Consultivo.<\/p>\n","protected":false},"excerpt":{"rendered":"<p>Climatempo &#8211; Uma frente fria vinda do Sul do Brasil se aproxima do Estado de S\u00e3o Paulo e amanh\u00e3 deixa o tempo fechado no sul, no oeste e em parte do leste do Estado. Na Baixada Santista, a quinta-feira amanhece nublada, com chuva principalmente \u00e0 tarde e \u00e0 noite. Na capital, ocorrem algumas aberturas de [&hellip;]<\/p>\n","protected":false},"author":3,"featured_media":0,"comment_status":"open","ping_status":"open","sticky":false,"template":"","format":"standard","meta":{"tdm_status":"","tdm_grid_status":"","footnotes":""},"categories":[22,327],"tags":[],"class_list":{"0":"post-6153","1":"post","2":"type-post","3":"status-publish","4":"format-standard","6":"category-brasil","7":"category-clima"},"_links":{"self":[{"href":"https:\/\/migracao.redenoticia.com.br\/noticia\/wp-json\/wp\/v2\/posts\/6153","targetHints":{"allow":["GET"]}}],"collection":[{"href":"https:\/\/migracao.redenoticia.com.br\/noticia\/wp-json\/wp\/v2\/posts"}],"about":[{"href":"https:\/\/migracao.redenoticia.com.br\/noticia\/wp-json\/wp\/v2\/types\/post"}],"author":[{"embeddable":true,"href":"https:\/\/migracao.redenoticia.com.br\/noticia\/wp-json\/wp\/v2\/users\/3"}],"replies":[{"embeddable":true,"href":"https:\/\/migracao.redenoticia.com.br\/noticia\/wp-json\/wp\/v2\/comments?post=6153"}],"version-history":[{"count":0,"href":"https:\/\/migracao.redenoticia.com.br\/noticia\/wp-json\/wp\/v2\/posts\/6153\/revisions"}],"wp:attachment":[{"href":"https:\/\/migracao.redenoticia.com.br\/noticia\/wp-json\/wp\/v2\/media?parent=6153"}],"wp:term":[{"taxonomy":"category","embeddable":true,"href":"https:\/\/migracao.redenoticia.com.br\/noticia\/wp-json\/wp\/v2\/categories?post=6153"},{"taxonomy":"post_tag","embeddable":true,"href":"https:\/\/migracao.redenoticia.com.br\/noticia\/wp-json\/wp\/v2\/tags?post=6153"}],"curies":[{"name":"wp","href":"https:\/\/api.w.org\/{rel}","templated":true}]}}