{"id":6156,"date":"2009-07-22T11:10:59","date_gmt":"2009-07-22T15:10:59","guid":{"rendered":"http:\/\/www.redenoticia.com.br\/noticia\/?p=6156"},"modified":"2009-07-22T11:10:59","modified_gmt":"2009-07-22T15:10:59","slug":"ministro-da-saude-diz-que-cada-regiao-do-pais-deve-ter-uma-avaliacao-isolada-sobre-a-gripe-suina-a-h1n1","status":"publish","type":"post","link":"https:\/\/migracao.redenoticia.com.br\/noticia\/2009\/ministro-da-saude-diz-que-cada-regiao-do-pais-deve-ter-uma-avaliacao-isolada-sobre-a-gripe-suina-a-h1n1\/6156","title":{"rendered":"Ministro da Sa\u00fade diz que cada regi\u00e3o do pa\u00eds deve ter uma avalia\u00e7\u00e3o isolada sobre a gripe su\u00edna A (H1N1)"},"content":{"rendered":"<p>Em entrevista exclusiva \u00e0 R\u00e1dio Bandeirantes (AM 840 e FM 90,9), o Ministro da Sa\u00fade, Jos\u00e9 Gomes Tempor\u00e3o, disse que h\u00e1 situa\u00e7\u00f5es distintas em cada regi\u00e3o do pa\u00eds em rela\u00e7\u00e3o \u00e0 gripe su\u00edna A (H1N1), e por isso deve ser avaliada de forma diferente. No Sul, por exemplo, a fronteira com a Argentina e o Uruguai tem um grande fluxo de pessoas, o que coloca, do ponto de vista da vigil\u00e2ncia e do atendimento, uma sobrecarga ao sistema de sa\u00fade no Rio Grande do Sul.<\/p>\n<p>O Ministro explicou que ainda h\u00e1 muitas perguntas sem resposta, como o porqu\u00ea pessoas com obesidade, principalmente obesidade m\u00f3rbida, estariam mais fr\u00e1gil em rela\u00e7\u00e3o a este v\u00edrus. 70% dos 22 \u00f3bitos at\u00e9 agora aconteceram em pessoas com algum quadro cl\u00ednico pr\u00e9-existente. A gravidez \u00e9 tamb\u00e9m uma situa\u00e7\u00e3o de risco, porque leva a uma relativa baixa imunidade ao organismo.<\/p>\n<p>O uso da m\u00e1scara \u00e9 recomendada em duas situa\u00e7\u00f5es: profissionais de sa\u00fade e pessoas que t\u00eam os sintomas ou a doen\u00e7a. A m\u00e1scara deve ser trocada de duas em duas horas.<\/p>\n<p>Jos\u00e9 Gomes Tempor\u00e3o foi entrevistado pelos jornalistas Jos\u00e9 Paulo de Andrade, Salom\u00e3o \u00c9sper e Lu\u00eds Artur Nogueira no &#8220;Jornal Gente&#8221;. A entrevista pode ser ouvida no site da R\u00e1dio Bandeirantes: <a href=\"http:\/\/www.radiobandeirantes.com.br\/audios_rb\/09_07\/090722_gen_temporao.mp3\" target=\"_blank\">http:\/\/www.radiobandeirantes.com.br\/audios_rb\/09_07\/090722_gen_temporao.mp3<\/a><\/p>\n","protected":false},"excerpt":{"rendered":"<p>Em entrevista exclusiva \u00e0 R\u00e1dio Bandeirantes (AM 840 e FM 90,9), o Ministro da Sa\u00fade, Jos\u00e9 Gomes Tempor\u00e3o, disse que h\u00e1 situa\u00e7\u00f5es distintas em cada regi\u00e3o do pa\u00eds em rela\u00e7\u00e3o \u00e0 gripe su\u00edna A (H1N1), e por isso deve ser avaliada de forma diferente. No Sul, por exemplo, a fronteira com a Argentina e o [&hellip;]<\/p>\n","protected":false},"author":3,"featured_media":0,"comment_status":"open","ping_status":"open","sticky":false,"template":"","format":"standard","meta":{"tdm_status":"","tdm_grid_status":"","footnotes":""},"categories":[22,5],"tags":[],"class_list":{"0":"post-6156","1":"post","2":"type-post","3":"status-publish","4":"format-standard","6":"category-brasil","7":"category-saude-e-vida"},"_links":{"self":[{"href":"https:\/\/migracao.redenoticia.com.br\/noticia\/wp-json\/wp\/v2\/posts\/6156","targetHints":{"allow":["GET"]}}],"collection":[{"href":"https:\/\/migracao.redenoticia.com.br\/noticia\/wp-json\/wp\/v2\/posts"}],"about":[{"href":"https:\/\/migracao.redenoticia.com.br\/noticia\/wp-json\/wp\/v2\/types\/post"}],"author":[{"embeddable":true,"href":"https:\/\/migracao.redenoticia.com.br\/noticia\/wp-json\/wp\/v2\/users\/3"}],"replies":[{"embeddable":true,"href":"https:\/\/migracao.redenoticia.com.br\/noticia\/wp-json\/wp\/v2\/comments?post=6156"}],"version-history":[{"count":0,"href":"https:\/\/migracao.redenoticia.com.br\/noticia\/wp-json\/wp\/v2\/posts\/6156\/revisions"}],"wp:attachment":[{"href":"https:\/\/migracao.redenoticia.com.br\/noticia\/wp-json\/wp\/v2\/media?parent=6156"}],"wp:term":[{"taxonomy":"category","embeddable":true,"href":"https:\/\/migracao.redenoticia.com.br\/noticia\/wp-json\/wp\/v2\/categories?post=6156"},{"taxonomy":"post_tag","embeddable":true,"href":"https:\/\/migracao.redenoticia.com.br\/noticia\/wp-json\/wp\/v2\/tags?post=6156"}],"curies":[{"name":"wp","href":"https:\/\/api.w.org\/{rel}","templated":true}]}}