{"id":6158,"date":"2009-07-22T11:42:17","date_gmt":"2009-07-22T15:42:17","guid":{"rendered":"http:\/\/www.redenoticia.com.br\/noticia\/?p=6158"},"modified":"2009-08-05T00:31:31","modified_gmt":"2009-08-05T04:31:31","slug":"record-caprichou-na-prova-e-jonathan-pode-sair-da-fazenda","status":"publish","type":"post","link":"https:\/\/migracao.redenoticia.com.br\/noticia\/2009\/record-caprichou-na-prova-e-jonathan-pode-sair-da-fazenda\/6158","title":{"rendered":"Record caprichou na prova e Jonathan pode sair da Fazenda"},"content":{"rendered":"<p><span style=\"font-size: 11pt; font-family: Arial; font-weight: normal;\">A Record caprichou na prova de sele\u00e7\u00e3o para o Ta na Ro\u00e7a da Fazenda desta semana. Para cumprir a prova o concorrente n\u00e3o precisava de for\u00e7a e sim de habilidade e pontaria, estilo que o p\u00fablico da Record gosta e n\u00e3o favorece quem tem maior for\u00e7a ou condi\u00e7\u00e3o f\u00edsica. As mulheres da Fazenda Danni Carlos e Fabi se sa\u00edram muito bem na prova de arco e flecha da Record. Pedro e Jonathan se enfrentaram na final. Os dois tinham que acertar uma bexiga e Jonathan errou feio quando n\u00e3o podia, e foi pra ro\u00e7a da Fazenda.<\/span><\/p>\n<p><span style=\"font-size: 11pt; font-family: Arial; font-weight: normal;\">\u00c9 a quarta vez que Jonathan vai pra ro\u00e7a na Fazenda da Record. Agora<span> <\/span>ficou mais dif\u00edcil pois os que ficaram est\u00e3o agradando o p\u00fablico que vota. <\/span><\/p>\n<p><span style=\"font-size: 11pt; font-family: Arial; font-weight: normal;\">Dado Dolabella pode ser o pr\u00f3ximo a ir para a Ro\u00e7a, pois est\u00e1 arrumando encrenca com Dani Samambaia, por n\u00e3o cumprir as tarefas, e com Fabi, por implic\u00e2ncia e brigas desta noite sobre os desleixos com o po\u00e7o e mangueira. A vota\u00e7\u00e3o desta noite ser\u00e1 dif\u00edcil. <\/span><\/p>\n<p><span style=\"font-size: 11pt; font-family: Arial; font-weight: normal;\">Os confinados est\u00e3o cada vez mais pr\u00f3ximos e, com menos gente, as fun\u00e7\u00f5es se acumulam e mais trabalho tem de ser feito. O trio formado por Dado, Carlinhos e Johnny amanheceu com a corda toda. J\u00e1 alimentaram os animais, regaram as plantas e ordenharam a vaca. <\/span><\/p>\n<p><span style=\"font-size: 11pt; font-family: Arial; font-weight: normal;\">Tv Racord \u2013 A Fazenda<\/span><\/p>\n","protected":false},"excerpt":{"rendered":"<p>A Record caprichou na prova de sele\u00e7\u00e3o para o Ta na Ro\u00e7a da Fazenda desta semana. Para cumprir a prova o concorrente n\u00e3o precisava de for\u00e7a e sim de habilidade e pontaria, estilo que o p\u00fablico da Record gosta e n\u00e3o favorece quem tem maior for\u00e7a ou condi\u00e7\u00e3o f\u00edsica. As mulheres da Fazenda Danni Carlos [&hellip;]<\/p>\n","protected":false},"author":3,"featured_media":0,"comment_status":"open","ping_status":"open","sticky":false,"template":"","format":"standard","meta":{"tdm_status":"","tdm_grid_status":"","footnotes":""},"categories":[22,343],"tags":[],"class_list":{"0":"post-6158","1":"post","2":"type-post","3":"status-publish","4":"format-standard","6":"category-brasil","7":"category-televisao"},"_links":{"self":[{"href":"https:\/\/migracao.redenoticia.com.br\/noticia\/wp-json\/wp\/v2\/posts\/6158","targetHints":{"allow":["GET"]}}],"collection":[{"href":"https:\/\/migracao.redenoticia.com.br\/noticia\/wp-json\/wp\/v2\/posts"}],"about":[{"href":"https:\/\/migracao.redenoticia.com.br\/noticia\/wp-json\/wp\/v2\/types\/post"}],"author":[{"embeddable":true,"href":"https:\/\/migracao.redenoticia.com.br\/noticia\/wp-json\/wp\/v2\/users\/3"}],"replies":[{"embeddable":true,"href":"https:\/\/migracao.redenoticia.com.br\/noticia\/wp-json\/wp\/v2\/comments?post=6158"}],"version-history":[{"count":0,"href":"https:\/\/migracao.redenoticia.com.br\/noticia\/wp-json\/wp\/v2\/posts\/6158\/revisions"}],"wp:attachment":[{"href":"https:\/\/migracao.redenoticia.com.br\/noticia\/wp-json\/wp\/v2\/media?parent=6158"}],"wp:term":[{"taxonomy":"category","embeddable":true,"href":"https:\/\/migracao.redenoticia.com.br\/noticia\/wp-json\/wp\/v2\/categories?post=6158"},{"taxonomy":"post_tag","embeddable":true,"href":"https:\/\/migracao.redenoticia.com.br\/noticia\/wp-json\/wp\/v2\/tags?post=6158"}],"curies":[{"name":"wp","href":"https:\/\/api.w.org\/{rel}","templated":true}]}}