{"id":61601,"date":"2014-10-27T15:18:20","date_gmt":"2014-10-27T17:18:20","guid":{"rendered":"http:\/\/www.redenoticia.com.br\/noticia\/?p=61601"},"modified":"2014-10-27T15:18:20","modified_gmt":"2014-10-27T17:18:20","slug":"governo-reconhece-situacao-de-emergencia-em-225-cidades","status":"publish","type":"post","link":"https:\/\/migracao.redenoticia.com.br\/noticia\/2014\/governo-reconhece-situacao-de-emergencia-em-225-cidades\/61601","title":{"rendered":"Governo reconhece situa\u00e7\u00e3o de emerg\u00eancia em 225 cidades"},"content":{"rendered":"<p> Portarias publicadas no Di\u00e1rio Oficial da Uni\u00e3o pela Secretaria Nacional de Prote\u00e7\u00e3o e Defesa Civil, do Minist\u00e9rio da Integra\u00e7\u00e3o Nacional, reconhece a <strong><em>situa\u00e7\u00e3o de emerg\u00eancia em 225 cidades<\/em><\/strong> de Pernambuco, Para\u00edba e Paran\u00e1 e autoriza a transfer\u00eancia de recursos para dois munic\u00edpios de Santa Catarina investirem na recupera\u00e7\u00e3o de danos causados pelo clima ou atendimentos emergenciais.<\/p>\n<p>S\u00e3o 170 cidades paraibanas e 54 pernambucanas cujos decretos municipais de situa\u00e7\u00e3o de emerg\u00eancia, por causa da estiagem dos \u00faltimos meses, foram reconhecidos em \u00e2mbito federal. J\u00e1 em Campo Largo, no Paran\u00e1, o motivo foi a chuva de granizo que causou estragos em resid\u00eancias, pr\u00e9dios p\u00fablicos e infraestrutura. Assim que o decreto municipal \u00e9 reconhecido em \u00e2mbito federal, a prefeitura est\u00e1 apta a pedir e receber recursos da Uni\u00e3o para a recupera\u00e7\u00e3o dos danos ou atendimentos emergenciais. O decreto vale por 180 dias e pode ser renovado, caso necess\u00e1rio.<\/p>\n<p>As portarias da secretaria autorizam a transfer\u00eancia de R$ 120,6 mil para Xanxer\u00ea e R$ 45 mil para Jabor\u00e1, ambos em Santa Catarina. Os valores dever\u00e3o ser gastos em a\u00e7\u00f5es de restabelecimento conforme projetos aprovados. O prazo de execu\u00e7\u00e3o das obras e servi\u00e7os \u00e9 de 180 dias e as prefeituras dever\u00e3o prestar contas dos gastos em at\u00e9 30 dias ap\u00f3s o fim da vig\u00eancia do conv\u00eanio.<\/p>\n<p>Alex Rodrigues &#8211; Rep\u00f3rter da Ag\u00eancia Brasil<br \/>\nEdi\u00e7\u00e3o: Marcos Chagas<\/p>\n","protected":false},"excerpt":{"rendered":"<p>Portarias publicadas no Di\u00e1rio Oficial da Uni\u00e3o pela Secretaria Nacional de Prote\u00e7\u00e3o e Defesa Civil, do Minist\u00e9rio da Integra\u00e7\u00e3o Nacional, reconhece a situa\u00e7\u00e3o de emerg\u00eancia em 225 cidades de Pernambuco, Para\u00edba e Paran\u00e1 e autoriza a transfer\u00eancia de recursos para dois munic\u00edpios de Santa Catarina investirem na recupera\u00e7\u00e3o de danos causados pelo clima ou atendimentos [&hellip;]<\/p>\n","protected":false},"author":5,"featured_media":57585,"comment_status":"open","ping_status":"closed","sticky":false,"template":"","format":"standard","meta":{"tdm_status":"","tdm_grid_status":"","footnotes":""},"categories":[22],"tags":[],"class_list":{"0":"post-61601","1":"post","2":"type-post","3":"status-publish","4":"format-standard","5":"has-post-thumbnail","7":"category-brasil"},"_links":{"self":[{"href":"https:\/\/migracao.redenoticia.com.br\/noticia\/wp-json\/wp\/v2\/posts\/61601","targetHints":{"allow":["GET"]}}],"collection":[{"href":"https:\/\/migracao.redenoticia.com.br\/noticia\/wp-json\/wp\/v2\/posts"}],"about":[{"href":"https:\/\/migracao.redenoticia.com.br\/noticia\/wp-json\/wp\/v2\/types\/post"}],"author":[{"embeddable":true,"href":"https:\/\/migracao.redenoticia.com.br\/noticia\/wp-json\/wp\/v2\/users\/5"}],"replies":[{"embeddable":true,"href":"https:\/\/migracao.redenoticia.com.br\/noticia\/wp-json\/wp\/v2\/comments?post=61601"}],"version-history":[{"count":0,"href":"https:\/\/migracao.redenoticia.com.br\/noticia\/wp-json\/wp\/v2\/posts\/61601\/revisions"}],"wp:featuredmedia":[{"embeddable":true,"href":"https:\/\/migracao.redenoticia.com.br\/noticia\/wp-json\/wp\/v2\/media\/57585"}],"wp:attachment":[{"href":"https:\/\/migracao.redenoticia.com.br\/noticia\/wp-json\/wp\/v2\/media?parent=61601"}],"wp:term":[{"taxonomy":"category","embeddable":true,"href":"https:\/\/migracao.redenoticia.com.br\/noticia\/wp-json\/wp\/v2\/categories?post=61601"},{"taxonomy":"post_tag","embeddable":true,"href":"https:\/\/migracao.redenoticia.com.br\/noticia\/wp-json\/wp\/v2\/tags?post=61601"}],"curies":[{"name":"wp","href":"https:\/\/api.w.org\/{rel}","templated":true}]}}