{"id":6161,"date":"2009-07-22T11:57:44","date_gmt":"2009-07-22T15:57:44","guid":{"rendered":"http:\/\/www.redenoticia.com.br\/noticia\/?p=6161"},"modified":"2009-07-22T11:57:44","modified_gmt":"2009-07-22T15:57:44","slug":"unifesp-hospital-sao-paulo-e-instituto-pro-queimados-inauguram-unidade-de-tratamento-de-queimaduras","status":"publish","type":"post","link":"https:\/\/migracao.redenoticia.com.br\/noticia\/2009\/unifesp-hospital-sao-paulo-e-instituto-pro-queimados-inauguram-unidade-de-tratamento-de-queimaduras\/6161","title":{"rendered":"UNIFESP, Hospital S\u00e3o Paulo e Instituto Pr\u00f3-Queimados inauguram unidade de tratamento de Queimaduras"},"content":{"rendered":"<p style=\"margin: 0cm; margin-bottom: .0001pt; text-align: center;\" align=\"center\"><em><span style=\"font-size: 11.0pt; font-family: &quot;Tahoma&quot;,&quot;sans-serif&quot;; color: black;\">Centro de tratamento oferece atendimento de alta complexidade para a popula\u00e7\u00e3o, forma\u00e7\u00e3o de equipes especializadas na \u00e1rea e realiza\u00e7\u00e3o de pesquisas cient\u00edficas<\/span><\/em><\/p>\n<p style=\"margin: 0cm; margin-bottom: .0001pt; text-align: center;\" align=\"center\"><em><span style=\"font-size: 11.0pt; font-family: &quot;Tahoma&quot;,&quot;sans-serif&quot;; color: black;\"><br \/>\n<\/span><\/em><\/p>\n<p style=\"margin: 0cm; margin-bottom: .0001pt; text-align: justify;\"><span style=\"font-size: 10.0pt; font-family: &quot;Arial&quot;,&quot;sans-serif&quot;; color: black;\"> <\/span><\/p>\n<p style=\"margin: 0cm; margin-bottom: .0001pt; text-align: center;\" align=\"center\"><span style=\"font-size: 10.0pt; font-family: &quot;Arial&quot;,&quot;sans-serif&quot;; color: black;\"> <\/span><\/p>\n<p style=\"margin: 0cm; margin-bottom: .0001pt; text-align: justify;\"><span style=\"font-size: 10.0pt; font-family: &quot;Arial&quot;,&quot;sans-serif&quot;; color: black;\"> <\/span><\/p>\n<p style=\"margin: 0cm; margin-bottom: .0001pt; text-align: justify;\"><span style=\"font-size: 11.0pt; font-family: &quot;Tahoma&quot;,&quot;sans-serif&quot;; color: black;\">As baixas temperaturas do inverno e o per\u00edodo de f\u00e9rias escolares s\u00e3o dois motivos de preocupa\u00e7\u00e3o no que diz respeito \u00e0 ocorr\u00eancia de queimaduras. Exatamente nesse per\u00edodo, O Hospital S\u00e3o Paulo &#8211; Hospital Universit\u00e1rio da UNIFESP (Universidade Federal de S\u00e3o Paulo) acaba de entregar para a popula\u00e7\u00e3o, em parceria com Instituto Pr\u00f3-Queimados (IPQ), uma Unidade de Tratamento de Queimaduras.<\/span><span style=\"font-size: 10.0pt; font-family: &quot;Arial&quot;,&quot;sans-serif&quot;; color: black;\"> <\/span><\/p>\n<p style=\"margin: 0cm; margin-bottom: .0001pt; text-align: justify;\"><span style=\"font-size: 11.0pt; font-family: &quot;Tahoma&quot;,&quot;sans-serif&quot;; color: black;\"> <\/span><span style=\"font-size: 10.0pt; font-family: &quot;Arial&quot;,&quot;sans-serif&quot;; color: black;\"> <\/span><\/p>\n<p style=\"margin: 0cm; margin-bottom: .0001pt; text-align: justify;\"><span style=\"font-size: 11.0pt; font-family: &quot;Tahoma&quot;,&quot;sans-serif&quot;; color: black;\">Hoje, os principais agentes causadores de queimaduras s\u00e3o o \u00e1lcool l\u00edquido e os l\u00edquidos aquecidos. Dentro de casa, o ambiente de maior risco \u00e9 a cozinha, onde h\u00e1 muitas ocorr\u00eancias de queimaduras por l\u00edquidos aquecidos, especialmente com crian\u00e7as, mas no inverno, algumas tentativas de aquecer a casa com produtos inflam\u00e1veis tamb\u00e9m terminam em acidentes.<\/span><span style=\"font-size: 10.0pt; font-family: &quot;Arial&quot;,&quot;sans-serif&quot;; color: black;\"> <\/span><\/p>\n<p style=\"margin: 0cm; margin-bottom: .0001pt; text-align: justify;\"><span style=\"font-size: 11.0pt; font-family: &quot;Tahoma&quot;,&quot;sans-serif&quot;; color: black;\"> <\/span><span style=\"font-size: 10.0pt; font-family: &quot;Arial&quot;,&quot;sans-serif&quot;; color: black;\"> <\/span><\/p>\n<p style=\"margin: 0cm; margin-bottom: .0001pt; text-align: justify;\"><span style=\"font-size: 11.0pt; font-family: &quot;Tahoma&quot;,&quot;sans-serif&quot;; color: black;\">Embora n\u00e3o haja n\u00fameros estat\u00edsticos exatos sobre a quest\u00e3o, a literatura m\u00e9dica cient\u00edfica refere-se a 1 milh\u00e3o de casos ao ano no Brasil e com base nos dados dispon\u00edveis, existe na Grande S\u00e3o Paulo um d\u00e9ficit de 60% de leitos dispon\u00edveis para tratamento de queimados. Na nova Unidade, h\u00e1 quatro leitos de UTI, seis leitos de interna\u00e7\u00e3o e toda a infra-estrutura necess\u00e1ria para atendimento do mais alto n\u00edvel m\u00e9dico-hospitalar, possibilitando a forma\u00e7\u00e3o e especializa\u00e7\u00e3o de equipes multiprofissionais e realiza\u00e7\u00e3o de pesquisas cient\u00edficas na \u00e1rea. \u201cEste centro ser\u00e1 um campo de forma\u00e7\u00e3o para os estudantes de medicina e alunos da resid\u00eancia m\u00e9dica e de est\u00e1gios neste setor, que estar\u00e3o prontos e aptos para atender em qualquer Pronto Socorro do Brasil\u201d, destaca a Dra. Lydia Masako Ferreira, professora titular da disciplina de cirurgia pl\u00e1stica, chefe do departamento de cirurgia da UNIFESP.<\/span><span style=\"font-size: 10.0pt; font-family: &quot;Arial&quot;,&quot;sans-serif&quot;; color: black;\"> <\/span><\/p>\n<p style=\"margin: 0cm; margin-bottom: .0001pt; text-align: justify;\"><span style=\"font-size: 11.0pt; font-family: &quot;Tahoma&quot;,&quot;sans-serif&quot;; color: black;\"> <\/span><span style=\"font-size: 10.0pt; font-family: &quot;Arial&quot;,&quot;sans-serif&quot;; color: black;\"> <\/span><\/p>\n<p style=\"margin: 0cm; margin-bottom: .0001pt; text-align: justify;\"><span style=\"font-size: 11.0pt; font-family: &quot;Tahoma&quot;,&quot;sans-serif&quot;; color: black;\">Al\u00e9m de ampliar a quantidade de leitos para a especialidade, a Unidade oferecer\u00e1 tratamento diferenciado e ter\u00e1 o foco no desenvolvimento de novas t\u00e9cnicas de auto-transplantes cultivados e de biotecnologia de pele. \u201cNo Hospital Universit\u00e1rio voc\u00ea tem a oportunidade de atender todos os aspectos pertinentes ao tratamento associado \u00e0 pesquisa e ao modelo assistencial. A estrutura montada no Hospital S\u00e3o Paulo permite que seja utilizada qualquer t\u00e9cnica nacional ou internacional de tratamento e na universidade todas essas t\u00e9cnicas s\u00e3o conhecidas e atualizadas\u201d, detalha o Dr. Flavio Novaes, colaborador da Unidade e Presidente da Sociedade Brasileira de Queimaduras.<\/span><span style=\"font-size: 10.0pt; font-family: &quot;Arial&quot;,&quot;sans-serif&quot;; color: black;\"> <\/span><\/p>\n<p style=\"margin: 0cm; margin-bottom: .0001pt; text-align: justify;\"><span style=\"font-size: 11.0pt; font-family: &quot;Tahoma&quot;,&quot;sans-serif&quot;; color: black;\"> <\/span><span style=\"font-size: 10.0pt; font-family: &quot;Arial&quot;,&quot;sans-serif&quot;; color: black;\"> <\/span><\/p>\n<p style=\"margin: 0cm; margin-bottom: .0001pt; text-align: justify;\"><span style=\"font-size: 11.0pt; font-family: &quot;Tahoma&quot;,&quot;sans-serif&quot;; color: black;\">Para Mira Falchi, presidente do Instituto Pr\u00f3-Queimados, \u201ca realiza\u00e7\u00e3o deste projeto \u00e9 a concretiza\u00e7\u00e3o de um sonho. O novo Centro ir\u00e1 atender e beneficiar a popula\u00e7\u00e3o carente com tratamentos da mais alta qualidade e tecnologia\u201d. H\u00e1 11 anos, o IPQ promove a reinser\u00e7\u00e3o social das v\u00edtimas de queimaduras e d\u00e1 suporte aos familiares por meio da UAS \u2013 Unidade de Atendimento Social, trabalhando para atender sua miss\u00e3o de conscientizar a Sociedade da gravidade de uma queimadura e qu\u00e3o complexo s\u00e3o seu tratamento e reabilita\u00e7\u00e3o.<\/span><span style=\"font-size: 10.0pt; font-family: &quot;Arial&quot;,&quot;sans-serif&quot;; color: black;\"> <\/span><\/p>\n<p style=\"margin: 0cm; margin-bottom: .0001pt; text-align: justify;\"><span style=\"font-size: 11.0pt; font-family: &quot;Tahoma&quot;,&quot;sans-serif&quot;; color: black;\"> <\/span><span style=\"font-size: 10.0pt; font-family: &quot;Arial&quot;,&quot;sans-serif&quot;; color: black;\"> <\/span><\/p>\n<p style=\"margin: 0cm; margin-bottom: .0001pt; text-align: justify;\"><span style=\"font-size: 11.0pt; font-family: &quot;Tahoma&quot;,&quot;sans-serif&quot;; color: black;\">A queimadura deve ser sempre considerada uma ocorr\u00eancia grave que n\u00e3o est\u00e1 diretamente ligada \u00e0 extens\u00e3o, mas \u00e0 profundidade e ao local atingido. No momento que ocorre, \u00e9 necess\u00e1rio interromper o processo com \u00e1gua fria e buscar orienta\u00e7\u00e3o profissional, pois uma das infec\u00e7\u00f5es por queimadura pode ser o t\u00e9tano e uma queimadura de terceiro grau pode lesionar os tecidos nervosos, resultando na perda dos movimentos de um membro atingido, por exemplo.<\/span><span style=\"font-size: 10.0pt; font-family: &quot;Arial&quot;,&quot;sans-serif&quot;; color: black;\"> <\/span><\/p>\n<p style=\"margin: 0cm; margin-bottom: .0001pt; text-align: justify;\"><span style=\"font-size: 10.0pt; font-family: &quot;Arial&quot;,&quot;sans-serif&quot;; color: black;\"> <\/span><\/p>\n<p style=\"margin: 0cm; margin-bottom: .0001pt; text-align: justify;\"><span style=\"font-size: 10.0pt; font-family: &quot;Arial&quot;,&quot;sans-serif&quot;; color: black;\"> <\/span><\/p>\n<p style=\"margin: 0cm; margin-bottom: .0001pt;\"><strong><span style=\"font-size: 11.0pt; font-family: &quot;Tahoma&quot;,&quot;sans-serif&quot;; color: black;\">Primeiros cuidados ap\u00f3s queimaduras:<\/span><\/strong><span style=\"font-size: 10.0pt; font-family: &quot;Arial&quot;,&quot;sans-serif&quot;; color: black;\"> <\/span><\/p>\n<p style=\"margin: 0cm; margin-bottom: .0001pt;\"><span style=\"font-size: 11.0pt; font-family: &quot;Tahoma&quot;,&quot;sans-serif&quot;; color: black;\">&#8211; Use \u00e1gua fria no local queimado, pois evita o aprofundamento da queimadura, alivia a dor e limpa a ferida.<\/span><span style=\"font-size: 10.0pt; font-family: &quot;Arial&quot;,&quot;sans-serif&quot;; color: black;\"> <\/span><\/p>\n<p style=\"margin: 0cm; margin-bottom: .0001pt;\"><span style=\"font-size: 11.0pt; font-family: &quot;Tahoma&quot;,&quot;sans-serif&quot;; color: black;\">&#8211; Envolva a ferida com um pano limpo.<\/span><span style=\"font-size: 10.0pt; font-family: &quot;Arial&quot;,&quot;sans-serif&quot;; color: black;\"> <\/span><\/p>\n<p style=\"margin: 0cm; margin-bottom: .0001pt;\"><span style=\"font-size: 11.0pt; font-family: &quot;Tahoma&quot;,&quot;sans-serif&quot;; color: black;\">&#8211; Procure atendimento m\u00e9dico o mais r\u00e1pido poss\u00edvel.<\/span><span style=\"font-size: 10.0pt; font-family: &quot;Arial&quot;,&quot;sans-serif&quot;; color: black;\"> <\/span><\/p>\n<p style=\"margin: 0cm; margin-bottom: .0001pt;\"><span style=\"font-size: 10.0pt; font-family: &quot;Arial&quot;,&quot;sans-serif&quot;; color: black;\"> <\/span><\/p>\n<p style=\"margin: 0cm; margin-bottom: .0001pt;\"><span style=\"font-size: 10.0pt; font-family: &quot;Arial&quot;,&quot;sans-serif&quot;; color: black;\"> <\/span><\/p>\n<p style=\"margin: 0cm; margin-bottom: .0001pt;\"><strong><span style=\"font-size: 11.0pt; font-family: &quot;Tahoma&quot;,&quot;sans-serif&quot;; color: black;\">Nunca use em queimaduras:<\/span><\/strong><span><span style=\"font-size: 11.0pt; font-family: &quot;Tahoma&quot;,&quot;sans-serif&quot;; color: black;\"> <\/span><\/span><span style=\"font-size: 11.0pt; font-family: &quot;Tahoma&quot;,&quot;sans-serif&quot;; color: black;\">creme dental, p\u00f3 de caf\u00e9, clara de ovo, manteiga, \u00f3leo de cozinha e nenhuma outra crendice popular.<\/span><span style=\"font-size: 10.0pt; font-family: &quot;Arial&quot;,&quot;sans-serif&quot;; color: black;\"> <\/span><\/p>\n<p style=\"margin: 0cm; margin-bottom: .0001pt;\"><span style=\"font-size: 10.0pt; font-family: &quot;Arial&quot;,&quot;sans-serif&quot;; color: black;\"> <\/span><\/p>\n<p style=\"margin: 0cm; margin-bottom: .0001pt; text-align: justify;\"><span style=\"font-size: 10.0pt; font-family: &quot;Arial&quot;,&quot;sans-serif&quot;; color: black;\"> <\/span><\/p>\n<p style=\"margin: 0cm; margin-bottom: .0001pt; text-align: justify;\"><strong><span style=\"font-size: 11.0pt; font-family: &quot;Tahoma&quot;,&quot;sans-serif&quot;; color: black;\"> <\/span><\/strong><span style=\"font-size: 10.0pt; font-family: &quot;Arial&quot;,&quot;sans-serif&quot;; color: black;\"> <\/span><\/p>\n<p style=\"margin: 0cm; margin-bottom: .0001pt; text-align: justify;\"><strong><span style=\"font-size: 11.0pt; font-family: &quot;Tahoma&quot;,&quot;sans-serif&quot;; color: black;\"> <\/span><\/strong><\/p>\n<p style=\"margin: 0cm; margin-bottom: .0001pt; text-align: justify;\"><strong><span style=\"font-size: 11.0pt; font-family: &quot;Tahoma&quot;,&quot;sans-serif&quot;; color: black;\">Sobre o Instituto Pr\u00f3-Queimados<\/span><\/strong><\/p>\n<p style=\"margin: 0cm; margin-bottom: .0001pt; text-align: justify; line-height: 11.25pt;\"><em><span style=\"font-size: 11.0pt; font-family: &quot;Tahoma&quot;,&quot;sans-serif&quot;; color: black;\">O<span> <\/span><\/span><\/em><strong><span style=\"font-size: 11.0pt; font-family: &quot;Tahoma&quot;,&quot;sans-serif&quot;; color: black;\">Instituto Pr\u00f3-Queimados<span><em> <\/em><\/span><em>\u2013 IPQ<\/em><\/span><\/strong><span><em><span style=\"font-size: 11.0pt; font-family: &quot;Tahoma&quot;,&quot;sans-serif&quot;; color: black;\"> <\/span><\/em><\/span><em><span style=\"font-size: 11.0pt; font-family: &quot;Tahoma&quot;,&quot;sans-serif&quot;; color: black;\">\u00e9 uma organiza\u00e7\u00e3o n\u00e3o-governamental, de \u00e2mbito nacional e sem fins lucrativos. Tem como miss\u00e3o conscientizar a sociedade da gravidade das queimaduras e das dificuldades de seu tratamento e reabilita\u00e7\u00e3o, promover a\u00e7\u00f5es e campanhas de preven\u00e7\u00e3o de queimaduras junto \u00e0 sociedade e oferecer suporte no processo de reabilita\u00e7\u00e3o f\u00edsica, recupera\u00e7\u00e3o e reintegra\u00e7\u00e3o psicossocial e profissional das v\u00edtimas, al\u00e9m de oferecer apoio aos familiares.<\/span><\/em><\/p>\n<p style=\"margin: 0cm; margin-bottom: .0001pt; text-align: justify; line-height: 11.25pt;\"><em><span style=\"font-size: 11.0pt; font-family: &quot;Tahoma&quot;,&quot;sans-serif&quot;; color: black;\">Os objetivos da entidade s\u00e3o: Promover a reinser\u00e7\u00e3o social das v\u00edtimas de queimaduras e dar suporte aos familiares atrav\u00e9s da UAS \u2013 Unidade de Atendimento Social; Recuperar e\/ou capacitar Centros de Tratamentos de Queimaduras; Participar de discuss\u00f5es, proposi\u00e7\u00f5es e a\u00e7\u00f5es referentes a queimaduras e atuar e participar no desenvolvimento e defini\u00e7\u00e3o de pol\u00edticas p\u00fablicas.<\/span><\/em><\/p>\n<p style=\"margin: 0cm; margin-bottom: .0001pt; text-align: justify;\"><strong><span style=\"font-size: 11.0pt; font-family: &quot;Tahoma&quot;,&quot;sans-serif&quot;; color: black;\"> <\/span><\/strong><\/p>\n<p style=\"margin: 0cm; margin-bottom: .0001pt; text-align: justify;\"><strong><span style=\"font-size: 11.0pt; font-family: &quot;Tahoma&quot;,&quot;sans-serif&quot;; color: black;\"> <\/span><\/strong><\/p>\n","protected":false},"excerpt":{"rendered":"<p>Centro de tratamento oferece atendimento de alta complexidade para a popula\u00e7\u00e3o, forma\u00e7\u00e3o de equipes especializadas na \u00e1rea e realiza\u00e7\u00e3o de pesquisas cient\u00edficas As baixas temperaturas do inverno e o per\u00edodo de f\u00e9rias escolares s\u00e3o dois motivos de preocupa\u00e7\u00e3o no que diz respeito \u00e0 ocorr\u00eancia de queimaduras. Exatamente nesse per\u00edodo, O Hospital S\u00e3o Paulo &#8211; Hospital [&hellip;]<\/p>\n","protected":false},"author":2,"featured_media":0,"comment_status":"open","ping_status":"open","sticky":false,"template":"","format":"standard","meta":{"tdm_status":"","tdm_grid_status":"","footnotes":""},"categories":[22,5],"tags":[],"class_list":{"0":"post-6161","1":"post","2":"type-post","3":"status-publish","4":"format-standard","6":"category-brasil","7":"category-saude-e-vida"},"_links":{"self":[{"href":"https:\/\/migracao.redenoticia.com.br\/noticia\/wp-json\/wp\/v2\/posts\/6161","targetHints":{"allow":["GET"]}}],"collection":[{"href":"https:\/\/migracao.redenoticia.com.br\/noticia\/wp-json\/wp\/v2\/posts"}],"about":[{"href":"https:\/\/migracao.redenoticia.com.br\/noticia\/wp-json\/wp\/v2\/types\/post"}],"author":[{"embeddable":true,"href":"https:\/\/migracao.redenoticia.com.br\/noticia\/wp-json\/wp\/v2\/users\/2"}],"replies":[{"embeddable":true,"href":"https:\/\/migracao.redenoticia.com.br\/noticia\/wp-json\/wp\/v2\/comments?post=6161"}],"version-history":[{"count":0,"href":"https:\/\/migracao.redenoticia.com.br\/noticia\/wp-json\/wp\/v2\/posts\/6161\/revisions"}],"wp:attachment":[{"href":"https:\/\/migracao.redenoticia.com.br\/noticia\/wp-json\/wp\/v2\/media?parent=6161"}],"wp:term":[{"taxonomy":"category","embeddable":true,"href":"https:\/\/migracao.redenoticia.com.br\/noticia\/wp-json\/wp\/v2\/categories?post=6161"},{"taxonomy":"post_tag","embeddable":true,"href":"https:\/\/migracao.redenoticia.com.br\/noticia\/wp-json\/wp\/v2\/tags?post=6161"}],"curies":[{"name":"wp","href":"https:\/\/api.w.org\/{rel}","templated":true}]}}