{"id":6167,"date":"2009-07-22T12:08:33","date_gmt":"2009-07-22T16:08:33","guid":{"rendered":"http:\/\/www.redenoticia.com.br\/noticia\/?p=6167"},"modified":"2009-07-22T12:08:33","modified_gmt":"2009-07-22T16:08:33","slug":"ministerio-recebe-50-mil-tratamentos-para-a-gripe-suina-a-h1n1","status":"publish","type":"post","link":"https:\/\/migracao.redenoticia.com.br\/noticia\/2009\/ministerio-recebe-50-mil-tratamentos-para-a-gripe-suina-a-h1n1\/6167","title":{"rendered":"Minist\u00e9rio recebe 50 mil tratamentos para a gripe su\u00edna A (H1N1)"},"content":{"rendered":"<p>O primeiro lote de 50 mil tratamentos contra Influenza A (H1N1), adquiridos pelo Minist\u00e9rio da Sa\u00fade, chegou a um dos dep\u00f3sitos do governo federal nesta ter\u00e7a-feira, 21 de julho. Eles ser\u00e3o distribu\u00eddos aos 68 hospitais de refer\u00eancia de todo o pa\u00eds para o atendimento aos pacientes com a nova gripe. Uma segunda leva dos rem\u00e9dios, mais 50 mil, ser\u00e1 entregue at\u00e9 o dia 15 de agosto. E outros 750 mil tratamentos chegar\u00e3o at\u00e9 o dia 30 de setembro.<\/p>\n<p>O Minist\u00e9rio, por meio do Laborat\u00f3rio de Farmanguinhos, da Funda\u00e7\u00e3o Oswaldo Cruz (Fiocruz \u2013 RJ), j\u00e1 est\u00e1 produzindo 150 mil tratamentos, que estar\u00e3o dispon\u00edveis para uso a partir do fim do m\u00eas. Ao todo, ser\u00e1 um milh\u00e3o de tratamentos.<\/p>\n<p>Cada um dos tratamentos \u00e9 composto por 10 comprimidos de fosfato de osetalmivir, quantidade indicada para uma pessoa. A remessa distribu\u00edda no pa\u00eds deve superar o n\u00famero de casos graves, segundo o diretor de Vigil\u00e2ncia Epidemiol\u00f3gica do Minist\u00e9rio da Sa\u00fade, Eduardo Hage. O medicamento \u00e9 indicado apenas para essa parcela, que representa menos de 5% dos pacientes com os sintomas. \u201c\u00c9 esperado um aumento da procura pelo rem\u00e9dio agora no inverno, quando a doen\u00e7a atingir\u00e1 um maior n\u00famero de pessoas. Receberemos quantidade suficiente para atender essa demanda\u201d, destaca Hage.<\/p>\n<p><strong>PRODU\u00c7\u00c3O PR\u00d3PRIA<\/strong> &#8211; O medicamento \u00e9 considerado o mais eficiente, at\u00e9 o momento, no tratamento de influenza H1N1, sendo recomendado, inclusive, pela Organiza\u00e7\u00e3o Mundial da Sa\u00fade (OMS). O Minist\u00e9rio da Sa\u00fade investiu R$ 34,75 milh\u00f5es na compra dos 800 mil novos tratamentos. O contrato com a Roche foi firmado em junho.<\/p>\n<p>O pa\u00eds possui mat\u00e9ria-prima para produzir um total de 9 milh\u00f5es de tratamentos. O insumo foi adquirido em 2005, na \u00e9poca para uma poss\u00edvel epidemia de gripe avi\u00e1ria. \u201cEstamos com estoque suficiente para enfrentar essa pandemia. Se houver necessidade, produziremos mais medicamentos\u201d, afirmou Eduardo Hage.<\/p>\n<p>Da transforma\u00e7\u00e3o em comprimidos at\u00e9 a autoriza\u00e7\u00e3o para a sua distribui\u00e7\u00e3o, o medicamento fabricado no Brasil passou por testes da Ag\u00eancia Nacional de Vigil\u00e2ncia Sanit\u00e1ria (ANVISA), que encaminha processo para concess\u00e3o do registro.<\/p>\n<p>Conforme o protocolo do MS \u2013 que segue as orienta\u00e7\u00f5es da OMS, o tratamento \u00e9 indicado apenas para os pacientes com sintomas graves, fatores de risco e profissionais de sa\u00fade que trabalham diretamente com os doentes. O rem\u00e9dio deve ser ministrado nas primeiras 48h do aparecimento de sintomas graves.<\/p>\n<p><strong>DISTRIBUI\u00c7\u00c3O<\/strong> &#8211; No que diz respeito \u00e0 log\u00edstica de distribui\u00e7\u00e3o dos tratamentos, ela permanecer\u00e1 centralizada. O governo federal envia os medicamentos para cada estado. Ent\u00e3o, a Secretaria Estadual indica n\u00e3o s\u00f3 as unidades de refer\u00eancia para atendimento, como amplia o n\u00famero de hospitais para internamento. Al\u00e9m disso, outras unidades s\u00e3o indicadas para atender os casos e usar antiviral, n\u00e3o necessariamente fazer interna\u00e7\u00e3o. O papel do MS \u00e9 prover a medica\u00e7\u00e3o de acordo com a solicita\u00e7\u00e3o da Secretaria Estadual ou Municipal.<\/p>\n<p>N\u00e3o h\u00e1 medicamentos dispon\u00edveis no com\u00e9rcio. Medida adotada reduzir a probabilidade de resist\u00eancia do v\u00edrus ao rem\u00e9dio e devido aos riscos de automedica\u00e7\u00e3o.<\/p>\n","protected":false},"excerpt":{"rendered":"<p>O primeiro lote de 50 mil tratamentos contra Influenza A (H1N1), adquiridos pelo Minist\u00e9rio da Sa\u00fade, chegou a um dos dep\u00f3sitos do governo federal nesta ter\u00e7a-feira, 21 de julho. Eles ser\u00e3o distribu\u00eddos aos 68 hospitais de refer\u00eancia de todo o pa\u00eds para o atendimento aos pacientes com a nova gripe. Uma segunda leva dos rem\u00e9dios, [&hellip;]<\/p>\n","protected":false},"author":3,"featured_media":0,"comment_status":"open","ping_status":"open","sticky":false,"template":"","format":"standard","meta":{"tdm_status":"","tdm_grid_status":"","footnotes":""},"categories":[22,5],"tags":[],"class_list":{"0":"post-6167","1":"post","2":"type-post","3":"status-publish","4":"format-standard","6":"category-brasil","7":"category-saude-e-vida"},"_links":{"self":[{"href":"https:\/\/migracao.redenoticia.com.br\/noticia\/wp-json\/wp\/v2\/posts\/6167","targetHints":{"allow":["GET"]}}],"collection":[{"href":"https:\/\/migracao.redenoticia.com.br\/noticia\/wp-json\/wp\/v2\/posts"}],"about":[{"href":"https:\/\/migracao.redenoticia.com.br\/noticia\/wp-json\/wp\/v2\/types\/post"}],"author":[{"embeddable":true,"href":"https:\/\/migracao.redenoticia.com.br\/noticia\/wp-json\/wp\/v2\/users\/3"}],"replies":[{"embeddable":true,"href":"https:\/\/migracao.redenoticia.com.br\/noticia\/wp-json\/wp\/v2\/comments?post=6167"}],"version-history":[{"count":0,"href":"https:\/\/migracao.redenoticia.com.br\/noticia\/wp-json\/wp\/v2\/posts\/6167\/revisions"}],"wp:attachment":[{"href":"https:\/\/migracao.redenoticia.com.br\/noticia\/wp-json\/wp\/v2\/media?parent=6167"}],"wp:term":[{"taxonomy":"category","embeddable":true,"href":"https:\/\/migracao.redenoticia.com.br\/noticia\/wp-json\/wp\/v2\/categories?post=6167"},{"taxonomy":"post_tag","embeddable":true,"href":"https:\/\/migracao.redenoticia.com.br\/noticia\/wp-json\/wp\/v2\/tags?post=6167"}],"curies":[{"name":"wp","href":"https:\/\/api.w.org\/{rel}","templated":true}]}}