{"id":6170,"date":"2009-07-22T12:14:34","date_gmt":"2009-07-22T16:14:34","guid":{"rendered":"http:\/\/www.redenoticia.com.br\/noticia\/?p=6170"},"modified":"2009-08-05T00:31:28","modified_gmt":"2009-08-05T04:31:28","slug":"record-divulga-que-a-fazenda-fica-por-16-minutos-em-primeiro-lugar","status":"publish","type":"post","link":"https:\/\/migracao.redenoticia.com.br\/noticia\/2009\/record-divulga-que-a-fazenda-fica-por-16-minutos-em-primeiro-lugar\/6170","title":{"rendered":"Record divulga que A Fazenda fica por 16 minutos em primeiro lugar"},"content":{"rendered":"<p>Record divulgou que nesta ter\u00e7a-feira, o reality show A Fazenda conquistou por 16 minutos o primeiro lugar de audi\u00eancia. A atra\u00e7\u00e3o, apresentada por Britto Jr., obteve na m\u00e9dia geral 17 pontos, pico de 25 e share de 26% em sua faixa de exibi\u00e7\u00e3o, das 21h39 \u00e0s 22h37. O programa exibiu ontem o Desafio Semanal, prova que define o primeiro candidato do &#8220;T\u00e1 na Ro\u00e7a&#8221;. Jonathan perdeu o desafio de arco e flecha e \u00e9 o primeiro a ir para a Ro\u00e7a. Hoje \u00e0 noite, mais dois pe\u00f5es v\u00e3o compor o trio do &#8220;T\u00e1 na Ro\u00e7a&#8221;.<\/p>\n<p>Sonhando com R$ 1 milh\u00e3o. Jonathan, Carlinhos, Pedro e Danni tomaram caf\u00e9 da manha e bateram um bom papo sobre finan\u00e7as. Os amigos falaram sobre investimentos, bancos e dividas. Quem ganhar o milh\u00e3o de reais vai poder arrumar a vida e quitar as dividas.<\/p>\n<p>Durante o banho, Danielle e Fabi fofocam sobre Dado Dolabella. Na opini\u00e3o das duas o ator vive encenando o dia inteiro e n\u00e3o se mostra com realmente ele \u00e9. Dani se diz saturada com algumas atitudes do pe\u00e3o: &#8220;Coitada de mulher dele gr\u00e1vida l\u00e1 fora, n\u00e3o deve nem estar reconhecendo&#8221;. At\u00e9 ent\u00e3o em cima do muro, Fabi concorda com as palavras da nova amiga. A plantinha se despede do banho alfinetando o ator: &#8220;Fora a porquice n\u00e9?&#8221;.<\/p>\n<p>Os dados de audi\u00eancia mencionados na Sala de Imprensa da Record referem-se ao <strong>Ibope MW GSP dados domiciliares<\/strong> (<em>Os \u00edndices apresentados s\u00e3o n\u00fameros consolidados, destacando o patamar de audi\u00eancia sem casa decimal<\/em>).<\/p>\n","protected":false},"excerpt":{"rendered":"<p>Record divulgou que nesta ter\u00e7a-feira, o reality show A Fazenda conquistou por 16 minutos o primeiro lugar de audi\u00eancia. A atra\u00e7\u00e3o, apresentada por Britto Jr., obteve na m\u00e9dia geral 17 pontos, pico de 25 e share de 26% em sua faixa de exibi\u00e7\u00e3o, das 21h39 \u00e0s 22h37. O programa exibiu ontem o Desafio Semanal, prova [&hellip;]<\/p>\n","protected":false},"author":3,"featured_media":0,"comment_status":"open","ping_status":"open","sticky":false,"template":"","format":"standard","meta":{"tdm_status":"","tdm_grid_status":"","footnotes":""},"categories":[22,343],"tags":[],"class_list":{"0":"post-6170","1":"post","2":"type-post","3":"status-publish","4":"format-standard","6":"category-brasil","7":"category-televisao"},"_links":{"self":[{"href":"https:\/\/migracao.redenoticia.com.br\/noticia\/wp-json\/wp\/v2\/posts\/6170","targetHints":{"allow":["GET"]}}],"collection":[{"href":"https:\/\/migracao.redenoticia.com.br\/noticia\/wp-json\/wp\/v2\/posts"}],"about":[{"href":"https:\/\/migracao.redenoticia.com.br\/noticia\/wp-json\/wp\/v2\/types\/post"}],"author":[{"embeddable":true,"href":"https:\/\/migracao.redenoticia.com.br\/noticia\/wp-json\/wp\/v2\/users\/3"}],"replies":[{"embeddable":true,"href":"https:\/\/migracao.redenoticia.com.br\/noticia\/wp-json\/wp\/v2\/comments?post=6170"}],"version-history":[{"count":0,"href":"https:\/\/migracao.redenoticia.com.br\/noticia\/wp-json\/wp\/v2\/posts\/6170\/revisions"}],"wp:attachment":[{"href":"https:\/\/migracao.redenoticia.com.br\/noticia\/wp-json\/wp\/v2\/media?parent=6170"}],"wp:term":[{"taxonomy":"category","embeddable":true,"href":"https:\/\/migracao.redenoticia.com.br\/noticia\/wp-json\/wp\/v2\/categories?post=6170"},{"taxonomy":"post_tag","embeddable":true,"href":"https:\/\/migracao.redenoticia.com.br\/noticia\/wp-json\/wp\/v2\/tags?post=6170"}],"curies":[{"name":"wp","href":"https:\/\/api.w.org\/{rel}","templated":true}]}}