{"id":6172,"date":"2009-07-22T12:21:37","date_gmt":"2009-07-22T16:21:37","guid":{"rendered":"http:\/\/www.redenoticia.com.br\/noticia\/?p=6172"},"modified":"2009-07-22T12:21:37","modified_gmt":"2009-07-22T16:21:37","slug":"por-causa-da-gripe-suina-a-h1n1-campos-dos-goytacazes-adota-vacinacao-contra-doencas-pneumococicas","status":"publish","type":"post","link":"https:\/\/migracao.redenoticia.com.br\/noticia\/2009\/por-causa-da-gripe-suina-a-h1n1-campos-dos-goytacazes-adota-vacinacao-contra-doencas-pneumococicas\/6172","title":{"rendered":"Por causa da gripe su\u00edna A (H1N1) Campos dos Goytacazes adota vacina\u00e7\u00e3o contra doen\u00e7as pneumoc\u00f3cicas"},"content":{"rendered":"<p>Diante da pandemia de gripe su\u00edna A (H1N1), vacina\u00e7\u00e3o contra as doen\u00e7as pneumoc\u00f3cicas \u00e9 recomendada pela Organiza\u00e7\u00e3o Mundial de Sa\u00fade (OMS). A Prefeitura de Campos dos Goytacazes, cidade ao Norte do Rio de Janeiro, no Brasil, \u00e9 a primeira a adotar a vacina\u00e7\u00e3o gratuita para todas as crian\u00e7as menores de um ano contra as chamadas doen\u00e7as pneumoc\u00f3cicas, que incluem a meningite e a pneumonia.<\/p>\n<p>De acordo com a OMS, as doen\u00e7as pneumoc\u00f3cicas s\u00e3o as que mais matam crian\u00e7as menores de cinco anos em todo o mundo, sendo ainda mais letais nos dois primeiros anos de vida<\/p>\n<p>Todas as crian\u00e7as menores de um ano residentes no munic\u00edpio receberam a primeira dose da vacina pneumoc\u00f3cica conjugada 7-valente, \u00fanica para preven\u00e7\u00e3o do problema. A Organiza\u00e7\u00e3o Mundial de Sa\u00fade (OMS) j\u00e1 recomenda tamb\u00e9m por conta da pandemia de gripe su\u00edna a vacina\u00e7\u00e3o de todas as crian\u00e7as menores de cinco anos contra o problema. Muitos dos casos de morte por gripe su\u00edna registrados no Brasil ocorreram em pessoas v\u00edtimas da bact\u00e9ria pneumococo.<\/p>\n<p>A decis\u00e3o partiu da prefeita Rosinha Garotinho e do vice-prefeito Dr. Francisco Oliveira, m\u00e9dico pediatra. &#8220;Sabemos da import\u00e2ncia desta vacina, pois a preven\u00e7\u00e3o de doen\u00e7as como a meningite e pneumonia \u00e9 fundamental&#8221;, avalia Rosinha. &#8220;Sou m\u00e3e e sei o quanto \u00e9 importante a vacina\u00e7\u00e3o, por isso, introduzimos a nova vacina no calend\u00e1rio do munic\u00edpio para todos os menores de um ano&#8221;, explica a Prefeita.<\/p>\n<p>Segundo Dr. Francisco Oliveira (vice-prefeito), a vacina\u00e7\u00e3o gratuita contra doen\u00e7as pneumoc\u00f3cicas vai garantir tamb\u00e9m a chamada prote\u00e7\u00e3o de rebanho, ou seja, quando pessoas n\u00e3o vacinadas tamb\u00e9m se beneficiam com a imuniza\u00e7\u00e3o em massa. &#8220;Campos assume novamente sua preocupa\u00e7\u00e3o com a sa\u00fade da popula\u00e7\u00e3o, em especial tamb\u00e9m, das nossas crian\u00e7as&#8221;, completa o vice-prefeito.<\/p>\n<p>Risco<\/p>\n<p>As doen\u00e7as pneumoc\u00f3cicas j\u00e1 matam mais que Mal\u00e1ria, Aids e a Sarampo juntas. Al\u00e9m disso, provocam mais sequelas que doen\u00e7as normalmente consideradas mais preocupantes, como o Rotav\u00edrus. Nos pa\u00edses em desenvolvimento, caso do Brasil, uma em cada 10 crian\u00e7as ser\u00e1 v\u00edtima de doen\u00e7as pneumoc\u00f3cicas. S\u00f3 no Brasil, s\u00e3o mais de 1.200 casos de meningite pneumoc\u00f3cica por ano; a mais letal das meningites, principalmente nos dois primeiros anos de vida.<\/p>\n<p>Preven\u00e7\u00e3o<\/p>\n<p>A vacina pneumoc\u00f3cica conjugada 7-valente \u00e9 atualmente a \u00fanica dispon\u00edvel no mundo para a preven\u00e7\u00e3o das doen\u00e7as pneumoc\u00f3cicas. Conhecida internacionalmente como Prevenar e produzida pela Wyeth Ind\u00fastria Farmac\u00eautica, a vacina j\u00e1 est\u00e1 dispon\u00edvel em mais de 90 pa\u00edses e faz parte do calend\u00e1rio de vacina\u00e7\u00e3o de 35 pa\u00edses, incluindo Costa Rica, Uruguai, Estados Unidos, Reino Unido e Canad\u00e1. No Brasil, o Minist\u00e9rio da Sa\u00fade estuda a introdu\u00e7\u00e3o da vacina no Programa Nacional de Imuniza\u00e7\u00e3o (PNI).<\/p>\n<p>Secretaria de Comunica\u00e7\u00e3o da Prefeitura de Campos dos Goytacazes<\/p>\n","protected":false},"excerpt":{"rendered":"<p>Diante da pandemia de gripe su\u00edna A (H1N1), vacina\u00e7\u00e3o contra as doen\u00e7as pneumoc\u00f3cicas \u00e9 recomendada pela Organiza\u00e7\u00e3o Mundial de Sa\u00fade (OMS). A Prefeitura de Campos dos Goytacazes, cidade ao Norte do Rio de Janeiro, no Brasil, \u00e9 a primeira a adotar a vacina\u00e7\u00e3o gratuita para todas as crian\u00e7as menores de um ano contra as chamadas [&hellip;]<\/p>\n","protected":false},"author":3,"featured_media":0,"comment_status":"open","ping_status":"open","sticky":false,"template":"","format":"standard","meta":{"tdm_status":"","tdm_grid_status":"","footnotes":""},"categories":[22,5],"tags":[],"class_list":{"0":"post-6172","1":"post","2":"type-post","3":"status-publish","4":"format-standard","6":"category-brasil","7":"category-saude-e-vida"},"_links":{"self":[{"href":"https:\/\/migracao.redenoticia.com.br\/noticia\/wp-json\/wp\/v2\/posts\/6172","targetHints":{"allow":["GET"]}}],"collection":[{"href":"https:\/\/migracao.redenoticia.com.br\/noticia\/wp-json\/wp\/v2\/posts"}],"about":[{"href":"https:\/\/migracao.redenoticia.com.br\/noticia\/wp-json\/wp\/v2\/types\/post"}],"author":[{"embeddable":true,"href":"https:\/\/migracao.redenoticia.com.br\/noticia\/wp-json\/wp\/v2\/users\/3"}],"replies":[{"embeddable":true,"href":"https:\/\/migracao.redenoticia.com.br\/noticia\/wp-json\/wp\/v2\/comments?post=6172"}],"version-history":[{"count":0,"href":"https:\/\/migracao.redenoticia.com.br\/noticia\/wp-json\/wp\/v2\/posts\/6172\/revisions"}],"wp:attachment":[{"href":"https:\/\/migracao.redenoticia.com.br\/noticia\/wp-json\/wp\/v2\/media?parent=6172"}],"wp:term":[{"taxonomy":"category","embeddable":true,"href":"https:\/\/migracao.redenoticia.com.br\/noticia\/wp-json\/wp\/v2\/categories?post=6172"},{"taxonomy":"post_tag","embeddable":true,"href":"https:\/\/migracao.redenoticia.com.br\/noticia\/wp-json\/wp\/v2\/tags?post=6172"}],"curies":[{"name":"wp","href":"https:\/\/api.w.org\/{rel}","templated":true}]}}