{"id":6174,"date":"2009-07-22T13:20:55","date_gmt":"2009-07-22T17:20:55","guid":{"rendered":"http:\/\/www.redenoticia.com.br\/noticia\/?p=6174"},"modified":"2009-07-22T13:21:21","modified_gmt":"2009-07-22T17:21:21","slug":"proerd-ji-parana-forma-mais-uma-turma","status":"publish","type":"post","link":"https:\/\/migracao.redenoticia.com.br\/noticia\/2009\/proerd-ji-parana-forma-mais-uma-turma\/6174","title":{"rendered":"PROERD Ji-Paran\u00e1 forma mais uma turma"},"content":{"rendered":"<p>Ji-Paran\u00e1 &#8211; A solenidade de formatura do Programa Educacional de Resist\u00eancia \u00e0s Drogas e \u00e0 Viol\u00eancia (Proerd) ser\u00e1 dos alunos do 5\u00b0 ano da Escola Municipal Professor Almir Zandonadi.<\/p>\n<p>O PROERD \u00e9 desenvolvido nas Escolas de 1\u00aa ao 5\u00ba ano, por policiais militares treinados e preparados para desenvolver o l\u00fadico, atrav\u00e9s de metodologia especialmente voltada para crian\u00e7as. O objetivo \u00e9 transmitir uma mensagem de valoriza\u00e7\u00e3o \u00e0 vida, e da import\u00e2ncia de manter-se longe das drogas.<br \/>\nAp\u00f3s quatro meses de curso as crian\u00e7as recebem o certificado PROERD, ocasi\u00e3o que prestam o compromisso de manterem-se afastados e longe das drogas.<\/p>\n<p>O Programa \u00e9 pedagogicamente estruturado em li\u00e7\u00f5es, ministradas obrigatoriamente por um policial militar fardado; que al\u00e9m da sua presen\u00e7a f\u00edsica em sala de aula como educador social, propicia um forte elo de liga\u00e7\u00e3o na comunidade escolar em que atua, fortalecendo o trin\u00f4mio: Pol\u00edcia Militar, Escola e Fam\u00edlia.<\/p>\n<p>O Programa oferece, em linguagem acess\u00edvel \u00e0s faixas et\u00e1rias que se direciona, uma variedade de atividades interativas com a participa\u00e7\u00e3o de grupos em aprendizado cooperativo; atividades que foram projetadas para estimular os estudantes a resolverem os principais problemas na fase em que se encontram vivendo.<\/p>\n<p>O Programa n\u00e3o invalida qualquer outro Programa, Trabalho ou Atividade de preven\u00e7\u00e3o, dirigido aos jovens como um todo. A coopera\u00e7\u00e3o da sociedade \u00e9 fundamental, e a participa\u00e7\u00e3o, efetiva, do empresariado constitui-se na sustenta\u00e7\u00e3o, econ\u00f4mica e financeira, da viabilidade e continuidade do PROERD, visando atender parcela, cada vez mais significativa, das crian\u00e7as e adolescentes, criando, dessa forma, uma rede protetiva, crescente, contra as drogas (l\u00edcitas e il\u00edcitas), bem como contra as atitudes que geram viol\u00eancia.<\/p>\n<p>O evento acontecer\u00e1 hoje (22), \u00e0s 19h30, \u00e0 Rua das Jabuticabas n\u00b0 6010, bairro Novo Horizonte.<\/p>\n","protected":false},"excerpt":{"rendered":"<p>Ji-Paran\u00e1 &#8211; A solenidade de formatura do Programa Educacional de Resist\u00eancia \u00e0s Drogas e \u00e0 Viol\u00eancia (Proerd) ser\u00e1 dos alunos do 5\u00b0 ano da Escola Municipal Professor Almir Zandonadi. O PROERD \u00e9 desenvolvido nas Escolas de 1\u00aa ao 5\u00ba ano, por policiais militares treinados e preparados para desenvolver o l\u00fadico, atrav\u00e9s de metodologia especialmente voltada [&hellip;]<\/p>\n","protected":false},"author":3,"featured_media":0,"comment_status":"open","ping_status":"open","sticky":false,"template":"","format":"standard","meta":{"tdm_status":"","tdm_grid_status":"","footnotes":""},"categories":[22],"tags":[],"class_list":{"0":"post-6174","1":"post","2":"type-post","3":"status-publish","4":"format-standard","6":"category-brasil"},"_links":{"self":[{"href":"https:\/\/migracao.redenoticia.com.br\/noticia\/wp-json\/wp\/v2\/posts\/6174","targetHints":{"allow":["GET"]}}],"collection":[{"href":"https:\/\/migracao.redenoticia.com.br\/noticia\/wp-json\/wp\/v2\/posts"}],"about":[{"href":"https:\/\/migracao.redenoticia.com.br\/noticia\/wp-json\/wp\/v2\/types\/post"}],"author":[{"embeddable":true,"href":"https:\/\/migracao.redenoticia.com.br\/noticia\/wp-json\/wp\/v2\/users\/3"}],"replies":[{"embeddable":true,"href":"https:\/\/migracao.redenoticia.com.br\/noticia\/wp-json\/wp\/v2\/comments?post=6174"}],"version-history":[{"count":0,"href":"https:\/\/migracao.redenoticia.com.br\/noticia\/wp-json\/wp\/v2\/posts\/6174\/revisions"}],"wp:attachment":[{"href":"https:\/\/migracao.redenoticia.com.br\/noticia\/wp-json\/wp\/v2\/media?parent=6174"}],"wp:term":[{"taxonomy":"category","embeddable":true,"href":"https:\/\/migracao.redenoticia.com.br\/noticia\/wp-json\/wp\/v2\/categories?post=6174"},{"taxonomy":"post_tag","embeddable":true,"href":"https:\/\/migracao.redenoticia.com.br\/noticia\/wp-json\/wp\/v2\/tags?post=6174"}],"curies":[{"name":"wp","href":"https:\/\/api.w.org\/{rel}","templated":true}]}}