{"id":6183,"date":"2009-07-22T13:52:25","date_gmt":"2009-07-22T17:52:25","guid":{"rendered":"http:\/\/www.redenoticia.com.br\/noticia\/?p=6183"},"modified":"2009-08-05T00:31:26","modified_gmt":"2009-08-05T04:31:26","slug":"a-record-vai-dar-um-carro-da-fazenda-para-dado-dani-ou-carlinhos","status":"publish","type":"post","link":"https:\/\/migracao.redenoticia.com.br\/noticia\/2009\/a-record-vai-dar-um-carro-da-fazenda-para-dado-dani-ou-carlinhos\/6183","title":{"rendered":"A Record vai dar um carro da Fazenda para Dado, Dani ou Carlinhos"},"content":{"rendered":"<p>A Record vai dar um carro na Fazenda para quem se classificou na prova do quebra cabe\u00e7a e para a fazendeira da semana. Desta forma Dado, Dani ou Carlinhos concorrer\u00e3o ao carro da Record. Dado se classificou ao ganhar ontem a prova de quebra cabe\u00e7a. Al\u00e9m de acertar o jogo da Fazenda da Record, Dado foi o mais r\u00e1pido no encaixe das pe\u00e7as. Hoje o chor\u00e3o Carlinhos, que vive reclamando que n\u00e3o ganha nada, conseguiu a fa\u00e7anha de montar o jogo mais r\u00e1pido que os outros participantes. Ele comemorou muito e acredita que vai ficar com o carro da Fazenda da Record.<\/p>\n<p>Dani Samambaia \u00e9 a fazendeira da semana e, por isso, j\u00e1 estava classificada para a pr\u00f3xima prova que ser\u00e1 amanh\u00e3 e detalhes n\u00e3o foram divulgados pela Record.<\/p>\n<p>A Fazenda da Record tem alcan\u00e7ado \u00f3timos \u00edndices de audi\u00eancia e, com os games, os n\u00fameros tendem a aumentar cada vez mais, uma vez que a disputa tamb\u00e9m est\u00e1 mais acirrada. Agora s\u00e3o apenas sete que continuam na disputa do milh\u00e3o da Fazenda da Record.<\/p>\n<p style=\"margin: 0cm 7.5pt 0.0001pt 1.5pt; line-height: normal;\"><span style=\"font-size: 11pt; font-family: Arial;\">Noticia da tarde de 22\/07 &#8211; Dani Souza e Jonathan almo\u00e7aram sozinhos no come\u00e7o da tarde de hoje. No menu: frango, milho, arroz e feij\u00e3o. Durante o papo, os competidores falaram sobre suas tarefas di\u00e1rias e sobre ter ou n\u00e3o ter voca\u00e7\u00e3o para realiz\u00e1-las. Ainda sentada \u00e0 mesa e falando sobre como est\u00e1 se desenrolando o jogo na fazenda, Dani Souza disse para o colega Jonathan, &#8220;Est\u00e1 passando muito r\u00e1pido!&#8221;. Ela ainda completou dizendo que ficava imaginando o que as pessoas que sa\u00edram e assistiam ao programa ficavam pensando sobre eles.<\/span><\/p>\n<p>TV Record A Fazenda<\/p>\n","protected":false},"excerpt":{"rendered":"<p>A Record vai dar um carro na Fazenda para quem se classificou na prova do quebra cabe\u00e7a e para a fazendeira da semana. Desta forma Dado, Dani ou Carlinhos concorrer\u00e3o ao carro da Record. Dado se classificou ao ganhar ontem a prova de quebra cabe\u00e7a. Al\u00e9m de acertar o jogo da Fazenda da Record, Dado [&hellip;]<\/p>\n","protected":false},"author":3,"featured_media":0,"comment_status":"open","ping_status":"open","sticky":false,"template":"","format":"standard","meta":{"tdm_status":"","tdm_grid_status":"","footnotes":""},"categories":[22,343],"tags":[],"class_list":{"0":"post-6183","1":"post","2":"type-post","3":"status-publish","4":"format-standard","6":"category-brasil","7":"category-televisao"},"_links":{"self":[{"href":"https:\/\/migracao.redenoticia.com.br\/noticia\/wp-json\/wp\/v2\/posts\/6183","targetHints":{"allow":["GET"]}}],"collection":[{"href":"https:\/\/migracao.redenoticia.com.br\/noticia\/wp-json\/wp\/v2\/posts"}],"about":[{"href":"https:\/\/migracao.redenoticia.com.br\/noticia\/wp-json\/wp\/v2\/types\/post"}],"author":[{"embeddable":true,"href":"https:\/\/migracao.redenoticia.com.br\/noticia\/wp-json\/wp\/v2\/users\/3"}],"replies":[{"embeddable":true,"href":"https:\/\/migracao.redenoticia.com.br\/noticia\/wp-json\/wp\/v2\/comments?post=6183"}],"version-history":[{"count":0,"href":"https:\/\/migracao.redenoticia.com.br\/noticia\/wp-json\/wp\/v2\/posts\/6183\/revisions"}],"wp:attachment":[{"href":"https:\/\/migracao.redenoticia.com.br\/noticia\/wp-json\/wp\/v2\/media?parent=6183"}],"wp:term":[{"taxonomy":"category","embeddable":true,"href":"https:\/\/migracao.redenoticia.com.br\/noticia\/wp-json\/wp\/v2\/categories?post=6183"},{"taxonomy":"post_tag","embeddable":true,"href":"https:\/\/migracao.redenoticia.com.br\/noticia\/wp-json\/wp\/v2\/tags?post=6183"}],"curies":[{"name":"wp","href":"https:\/\/api.w.org\/{rel}","templated":true}]}}