{"id":6186,"date":"2009-07-22T13:57:21","date_gmt":"2009-07-22T17:57:21","guid":{"rendered":"http:\/\/www.redenoticia.com.br\/noticia\/?p=6186"},"modified":"2009-07-27T02:06:30","modified_gmt":"2009-07-27T02:06:30","slug":"climatempo-aponta-que-uma-intensa-onda-de-frio-ira-derrubar-a-temperatura-na-quinta-feira","status":"publish","type":"post","link":"https:\/\/migracao.redenoticia.com.br\/noticia\/2009\/climatempo-aponta-que-uma-intensa-onda-de-frio-ira-derrubar-a-temperatura-na-quinta-feira\/6186","title":{"rendered":"Climatempo aponta que uma intensa onda de frio ir\u00e1 derrubar a temperatura na quinta-feira"},"content":{"rendered":"<p>Vento passa de 100 km\/h no Sul do Brasil e destelha casas no interior do Rio Grande do Sul. Segundo os meteorologistas da Climatempo, uma ventania no Rio Grande do Sul foi provocada pela entrada de uma frente fria, que veio associada a uma \u00e1rea de baixa press\u00e3o muito intensa. A press\u00e3o atmosf\u00e9rica ficou muito baixa, o que gerou a ventania. Al\u00e9m disso, a medida que a frente fria avan\u00e7ava sobre o Rio Grande do Sul, grandes nuvens foram formadas e al\u00e9m da chuva, provocaram fortes rajadas de vento.<br \/>\nV\u00e1rios munic\u00edpios ga\u00fachos registraram ventania ontem e na madrugada desta quarta-feira. Segundo o Instituto Nacional de Meteorologia, em S\u00e3o Jos\u00e9 dos Ausentes, na serra ga\u00facha, uma rajada chegou aos 104 km\/h, \u00e0s 4 horas da madrugada de hoje. Na noite de ontem, Santa Maria sentiu ventos de 100 km\/h. Em Soledade e em Cruz Alta, ventou com at\u00e9 90 km\/h. Na tarde de ontem, Uruguaiana registrou uma rajada de 93 km\/h. Em Porto Alegre e na regi\u00e3o metropolitana houve poucos estragos causados pela ventania.<\/p>\n<p>Na regi\u00e3o serrana, o vento foi mais intenso em Caxias do Sul. Os bombeiros receberam 14 chamados, a maioria por quedas de \u00e1rvores e de outdoors, al\u00e9m de alguns destelhamentos. Em Quara\u00ed, na fronteira com o Uruguai, houve queda de postes de luz. O ventou chegou a 77 km\/h no final da tarde de ontem.<\/p>\n<p>Cidades de Santa Catarina e do Paran\u00e1 tamb\u00e9m sentiram a ventania que veio com a chegada da forte frente fria. Na regi\u00e3o de Santa Marta, no litoral sul catarinense, v\u00e1rias rajadas de vento superam os 100 km\/h na madrugada de hoje. A mais intensa alcan\u00e7ou 107 km\/h, de acordo com o Instituto Nacional de Meteorologia. Em Xanxer\u00ea, no oeste de Santa Catarina, o vento chegou a 85 km\/h na noite de ontem. Em Foz do Igua\u00e7u, no oeste do Paran\u00e1, uma rajada chegou a 72 km\/h, \u00e0 meia noite.<\/p>\n<p>Ainda chove nesta quarta-feira em algumas \u00e1reas do Rio Grande do Sul, mas n\u00e3o h\u00e1 risco de chuva intensa. Em Santa Catarina e no Paran\u00e1, a chuva tende a aumentar at\u00e9 a noite e ainda h\u00e1 risco de ventos fortes, superiores aos 80 km\/h. Ap\u00f3s a chuva, a popula\u00e7\u00e3o da regi\u00e3o Sul do Brasil j\u00e1 come\u00e7a a sentir os efeitos de uma nova e forte onda de frio. O sistema est\u00e1 avan\u00e7ando sobre a Argentina e j\u00e1 gelou o pa\u00eds vizinho. O frio intenso favoreceu a queda de neve na manh\u00e3 de hoje na regi\u00e3o das cidades de C\u00f3rdoba e Mendoza, onde n\u00e3o \u00e9 comum nevar.<\/p>\n<p>A temperatura j\u00e1 est\u00e1 em decl\u00ednio no Sul do Brasil, mas a partir desta quinta-feira o frio ser\u00e1 cada vez mais intenso. Muitas cidades no centro-sul e oeste do Rio Grande do Sul ter\u00e3o uma quinta-feira com geada e frio abaixo de 0\u00ba. H\u00e1 uma possibilidade de queda de neve nas \u00e1reas mais elevadas das serras do Rio Grande do Sul e de Santa Catarina.<\/p>\n<p>Na sexta-feira, dia 24, e no fim de semana, as condi\u00e7\u00f5es de geada aumentam no Sul, atingindo quase todo o Rio Grande do Sul, o interior de Santa Catarina e o sul e o oeste do Paran\u00e1. H\u00e1 possibilidade de geada nos tr\u00eas dias at\u00e9 na grande Porto Alegre.<\/p>\n<p>Sobre o Grupo Climatempo<\/p>\n<p>O Grupo Climatempo \u00e9 a maior empresa privada de meteorologia do pa\u00eds. Uma holding formada pela Climatempo Consultoria, Ag\u00eancia Climatempo, a TV Climatempo e a CLIMANET (Internet, servi\u00e7os de tecnologia e inform\u00e1tica). Atualmente, o Grupo Climatempo fornece conte\u00fado para os principais portais do pa\u00eds, mais de 50 retransmissoras de televis\u00e3o do Brasil, r\u00e1dios e tem cerca de mil clientes. Os dois principais segmentos atendidos s\u00e3o o de agroneg\u00f3cios e meios de comunica\u00e7\u00e3o. Al\u00e9m destes, fornece conte\u00fado meteorol\u00f3gico estrat\u00e9gico para produtoras, a ind\u00fastria eletroeletr\u00f4nica e t\u00eaxtil, com\u00e9rcio, moda e turismo, constru\u00e7\u00e3o civil, setor de energia, entre outros setores.<\/p>\n<p>O Grupo \u00e9 presidido pelo meteorologista Carlos Magno, um dos primeiros comunicadores da profiss\u00e3o no Pa\u00eds, com mais de 23 anos de carreira, que ajudou a mudar a cultura que o brasileiro tinha sobre a meteorologia. O Grupo Climatempo conta ainda com Ana L\u00facia Frony vice-presidente, Renato Urbinder, s\u00f3cio-diretor (Diretor de Neg\u00f3cios e Projetos Especiais), e os diretores executivos Gilca Palma (Climatempo Meteorologia), Andr\u00e9 Madeira (Ag\u00eancia Climatempo) e o jornalista Paulo Polli (TV Climatempo) no Conselho Consultivo.<\/p>\n","protected":false},"excerpt":{"rendered":"<p>Vento passa de 100 km\/h no Sul do Brasil e destelha casas no interior do Rio Grande do Sul. Segundo os meteorologistas da Climatempo, uma ventania no Rio Grande do Sul foi provocada pela entrada de uma frente fria, que veio associada a uma \u00e1rea de baixa press\u00e3o muito intensa. A press\u00e3o atmosf\u00e9rica ficou muito [&hellip;]<\/p>\n","protected":false},"author":3,"featured_media":0,"comment_status":"open","ping_status":"open","sticky":false,"template":"","format":"standard","meta":{"tdm_status":"","tdm_grid_status":"","footnotes":""},"categories":[22,327],"tags":[],"class_list":{"0":"post-6186","1":"post","2":"type-post","3":"status-publish","4":"format-standard","6":"category-brasil","7":"category-clima"},"_links":{"self":[{"href":"https:\/\/migracao.redenoticia.com.br\/noticia\/wp-json\/wp\/v2\/posts\/6186","targetHints":{"allow":["GET"]}}],"collection":[{"href":"https:\/\/migracao.redenoticia.com.br\/noticia\/wp-json\/wp\/v2\/posts"}],"about":[{"href":"https:\/\/migracao.redenoticia.com.br\/noticia\/wp-json\/wp\/v2\/types\/post"}],"author":[{"embeddable":true,"href":"https:\/\/migracao.redenoticia.com.br\/noticia\/wp-json\/wp\/v2\/users\/3"}],"replies":[{"embeddable":true,"href":"https:\/\/migracao.redenoticia.com.br\/noticia\/wp-json\/wp\/v2\/comments?post=6186"}],"version-history":[{"count":0,"href":"https:\/\/migracao.redenoticia.com.br\/noticia\/wp-json\/wp\/v2\/posts\/6186\/revisions"}],"wp:attachment":[{"href":"https:\/\/migracao.redenoticia.com.br\/noticia\/wp-json\/wp\/v2\/media?parent=6186"}],"wp:term":[{"taxonomy":"category","embeddable":true,"href":"https:\/\/migracao.redenoticia.com.br\/noticia\/wp-json\/wp\/v2\/categories?post=6186"},{"taxonomy":"post_tag","embeddable":true,"href":"https:\/\/migracao.redenoticia.com.br\/noticia\/wp-json\/wp\/v2\/tags?post=6186"}],"curies":[{"name":"wp","href":"https:\/\/api.w.org\/{rel}","templated":true}]}}