{"id":6191,"date":"2009-07-22T14:07:32","date_gmt":"2009-07-22T18:07:32","guid":{"rendered":"http:\/\/www.redenoticia.com.br\/noticia\/?p=6191"},"modified":"2009-07-22T14:07:32","modified_gmt":"2009-07-22T18:07:32","slug":"direito-de-transexuais-a-cirurgia-de-transgenitalizacao-pelo-sus-agora-e-definitivo","status":"publish","type":"post","link":"https:\/\/migracao.redenoticia.com.br\/noticia\/2009\/direito-de-transexuais-a-cirurgia-de-transgenitalizacao-pelo-sus-agora-e-definitivo\/6191","title":{"rendered":"Direito de transexuais \u00e0 cirurgia de transgenitaliza\u00e7\u00e3o pelo SUS agora \u00e9 definitivo"},"content":{"rendered":"<p><em>Uni\u00e3o desistiu de recursos que ainda poderiam reverter decis\u00e3o em favor de a\u00e7\u00e3o civil p\u00fablica promovida pelo MPF<\/em><\/p>\n<p>No in\u00edcio deste m\u00eas, a Uni\u00e3o desistiu dos recursos que havia interposto contra decis\u00e3o de 2007 do Tribunal Regional Federal da 4\u00aa Regi\u00e3o (TRF-4) que garantia o direito de transexuais de todo o pa\u00eds realizarem a cirurgia de transgenitaliza\u00e7\u00e3o pelo Sistema \u00danico de Sa\u00fade (SUS). Agora, o grupo pode comemorar definitivamente, j\u00e1 que esta era a \u00faltima possibilidade de revers\u00e3o judicial.<\/p>\n<p>Em agosto de 2007, o Minist\u00e9rio P\u00fablico Federal (MPF) conquistou no TRF-4 a garantia do direito de transexuais de todo o pa\u00eds \u00e0 realiza\u00e7\u00e3o de cirurgia de transgenitaliza\u00e7\u00e3o pelo SUS. Por unanimidade, a 3\u00aa Turma deu provimento a recurso interposto pela Procuradoria Regional da Rep\u00fablica da 4\u00aa Regi\u00e3o (PRR-4) no curso de uma a\u00e7\u00e3o civil p\u00fablica, seguindo o voto do relator, o juiz federal Roger Raupp Rios.<\/p>\n<p>A a\u00e7\u00e3o, ajuizada pelos ent\u00e3o procuradores da Rep\u00fablica Paulo Gilberto Cogo Leivas, Marcelo Veiga Beckhausen e Luiz Carlos Weber, foi considerada improcedente na Justi\u00e7a Federal em primeira inst\u00e2ncia. O MPF recorreu da decis\u00e3o ao TRF-4 e obteve o resultado favor\u00e1vel. &#8220;A a\u00e7\u00e3o civil p\u00fablica foi fundamentada com base nos direitos \u00e0 sa\u00fade, \u00e0 dignidade humana, no direito \u00e0 identidade sexual e no direito \u00e0 igualdade&#8221;, explica o hoje procurador regional da Rep\u00fablica Paulo Leivas.<\/p>\n<p>Em outubro de 2008, a Uni\u00e3o interp\u00f4s recursos no Supremo Tribunal Federal e no Superior Tribunal de Justi\u00e7a contestando a decis\u00e3o do TRF-4. No \u00faltimo dia 8, no entanto, informou que desistiria dos mesmos.<\/p>\n<p><strong>Minist\u00e9rio da Sa\u00fade<\/strong><\/p>\n<p>Em agosto do ano passado, o Minist\u00e9rio da sa\u00fade publicou a Portaria n.\u00ba 1.707. De acordo com a norma, cabe \u00e0 Secretaria de Aten\u00e7\u00e3o \u00e0 Sa\u00fade adotar as provid\u00eancias necess\u00e1rias \u00e0 plena estrutura\u00e7\u00e3o e implanta\u00e7\u00e3o do processo transexualizador no SUS, definindo os crit\u00e9rios m\u00ednimos para o funcionamento, o monitoramento e a avalia\u00e7\u00e3o dos servi\u00e7os.<\/p>\n<p>&gt; Confira a \u00edntegra da portaria<\/p>\n<p><a href=\"http:\/\/bvsms.saude.gov.br\/bvs\/saudelegis\/gm\/2008\/prt1707_18_08_2008.html\" target=\"_blank\">http:\/\/bvsms.saude.gov.br\/bvs\/saudelegis\/gm\/2008\/prt1707_18_08_2008.html<\/a><\/p>\n<p>&gt; Ac\u00f3rd\u00e3o do TRF-4<\/p>\n<p><a href=\"http:\/\/www.trf4.jus.br\/trf4\/processos\/visualizar_documento_gedprophp?local=trf4&amp;documento=1838268&amp;hash=a3e1f66fbd7cfb9f211d00cc73ba3912\" target=\"_blank\">http:\/\/www.trf4.jus.br\/trf4\/processos\/visualizar_documento_gedpro.php?local=trf4&amp;documento=1838268&amp;hash=a3e1f66fbd7cfb9f211d00cc73ba3912<\/a><\/p>\n<p>&gt; Assista a mat\u00e9ria sobre a transgenitaliza\u00e7\u00e3o veiculada na TV Justi\u00e7a<\/p>\n<p><a href=\"http:\/\/www.prr4.mpf.gov.br\/site\/videos\/20072009_transexualismo.wmv\" target=\"_blank\">http:\/\/www.prr4.mpf.gov.br\/site\/videos\/20072009_transexualismo.wmv<\/a><\/p>\n","protected":false},"excerpt":{"rendered":"<p>Uni\u00e3o desistiu de recursos que ainda poderiam reverter decis\u00e3o em favor de a\u00e7\u00e3o civil p\u00fablica promovida pelo MPF No in\u00edcio deste m\u00eas, a Uni\u00e3o desistiu dos recursos que havia interposto contra decis\u00e3o de 2007 do Tribunal Regional Federal da 4\u00aa Regi\u00e3o (TRF-4) que garantia o direito de transexuais de todo o pa\u00eds realizarem a cirurgia [&hellip;]<\/p>\n","protected":false},"author":2,"featured_media":0,"comment_status":"open","ping_status":"open","sticky":false,"template":"","format":"standard","meta":{"tdm_status":"","tdm_grid_status":"","footnotes":""},"categories":[22,5],"tags":[],"class_list":{"0":"post-6191","1":"post","2":"type-post","3":"status-publish","4":"format-standard","6":"category-brasil","7":"category-saude-e-vida"},"_links":{"self":[{"href":"https:\/\/migracao.redenoticia.com.br\/noticia\/wp-json\/wp\/v2\/posts\/6191","targetHints":{"allow":["GET"]}}],"collection":[{"href":"https:\/\/migracao.redenoticia.com.br\/noticia\/wp-json\/wp\/v2\/posts"}],"about":[{"href":"https:\/\/migracao.redenoticia.com.br\/noticia\/wp-json\/wp\/v2\/types\/post"}],"author":[{"embeddable":true,"href":"https:\/\/migracao.redenoticia.com.br\/noticia\/wp-json\/wp\/v2\/users\/2"}],"replies":[{"embeddable":true,"href":"https:\/\/migracao.redenoticia.com.br\/noticia\/wp-json\/wp\/v2\/comments?post=6191"}],"version-history":[{"count":0,"href":"https:\/\/migracao.redenoticia.com.br\/noticia\/wp-json\/wp\/v2\/posts\/6191\/revisions"}],"wp:attachment":[{"href":"https:\/\/migracao.redenoticia.com.br\/noticia\/wp-json\/wp\/v2\/media?parent=6191"}],"wp:term":[{"taxonomy":"category","embeddable":true,"href":"https:\/\/migracao.redenoticia.com.br\/noticia\/wp-json\/wp\/v2\/categories?post=6191"},{"taxonomy":"post_tag","embeddable":true,"href":"https:\/\/migracao.redenoticia.com.br\/noticia\/wp-json\/wp\/v2\/tags?post=6191"}],"curies":[{"name":"wp","href":"https:\/\/api.w.org\/{rel}","templated":true}]}}