{"id":6196,"date":"2009-07-22T14:10:26","date_gmt":"2009-07-22T18:10:26","guid":{"rendered":"http:\/\/www.redenoticia.com.br\/noticia\/?p=6196"},"modified":"2009-07-22T14:10:26","modified_gmt":"2009-07-22T18:10:26","slug":"ministerio-publico-de-rondonia-ingressa-com-acao-de-improbidade-contra-envolvidos-na-operacao-abate","status":"publish","type":"post","link":"https:\/\/migracao.redenoticia.com.br\/noticia\/2009\/ministerio-publico-de-rondonia-ingressa-com-acao-de-improbidade-contra-envolvidos-na-operacao-abate\/6196","title":{"rendered":"Minist\u00e9rio P\u00fablico de Rond\u00f4nia ingressa com a\u00e7\u00e3o de improbidade  contra envolvidos na Opera\u00e7\u00e3o Abate"},"content":{"rendered":"<p align=\"center\"><em>O deputado federal Ernandes Amorim e mais 26 pessoas e empresas s\u00e3o acusados de favorecer frigor\u00edficos<\/em><\/p>\n<p>O Minist\u00e9rio P\u00fablico Federal em Rond\u00f4nia (MPF\/RO) ingressou com a\u00e7\u00e3o civil por improbidade administrativa contra nove servidores da Superintend\u00eancia Federal de Agricultura no estado (SFA), cinco frigor\u00edficos, um latic\u00ednio, um curtume, dez empres\u00e1rios e funcion\u00e1rios das ind\u00fastrias e, ainda, contra o deputado federal Ernandes Santos Amorim (PTB\/RO). A a\u00e7\u00e3o \u00e9 mais um dos resultados da Opera\u00e7\u00e3o Abate, deflagrada no m\u00eas passado e que teve a pris\u00e3o de 22 pessoas, dentre elas o superintendente da SFA em Rond\u00f4nia.<\/p>\n<p>Com esta medida, o MPF conclui a investiga\u00e7\u00e3o iniciada em mar\u00e7o de 2008 e que desvendou esquema de favorecimento de empresas frigor\u00edficas, latic\u00ednios e curtumes fiscalizados pela SFA. Segundo as investiga\u00e7\u00f5es, os servidores p\u00fablicos envolvidos recebiam vantagens indevidas das empresas favorecidas.<\/p>\n<p>Na mesma a\u00e7\u00e3o, o deputado federal Ernandes Amorim tamb\u00e9m \u00e9 um dos acusados. Ele foi o respons\u00e1vel pela nomea\u00e7\u00e3o do superintendente da SFA em Rond\u00f4nia, Orimar Martins da Silva. Na a\u00e7\u00e3o, os procuradores da Rep\u00fablica imputam participa\u00e7\u00e3o direta do parlamentar em v\u00e1rias irregularidades cometidas, muitas das quais se destinavam a favorec\u00ea-lo diretamente.<\/p>\n<p>O MPF pede a condena\u00e7\u00e3o dos acusados e conseq\u00fcente aplica\u00e7\u00e3o das san\u00e7\u00f5es previstas no artigo 12 da Lei 8.429\/92: suspens\u00e3o dos direitos pol\u00edticos, perda do cargo, mandato ou fun\u00e7\u00e3o p\u00fablica, pagamento de multa, ressarcimento de danos ao er\u00e1rio, devolu\u00e7\u00e3o de valores recebidos ilicitamente e proibi\u00e7\u00e3o de contratar com o Poder P\u00fablico.<\/p>\n<p>Em uma a\u00e7\u00e3o cautelar protocolada na Justi\u00e7a Federal no m\u00eas passado, o MPF obteve o afastamento de nove servidores p\u00fablicos da SFA.<\/p>\n<p><strong>Cinco milh\u00f5es<\/strong><\/p>\n<p>Na a\u00e7\u00e3o de improbidade administrativa, o MPF pede a condena\u00e7\u00e3o dos r\u00e9us ao pagamento de cinco milh\u00f5es de reais \u00e0 Uni\u00e3o pelos danos morais coletivos decorrentes das condutas il\u00edcitas. Para assegurar o pagamento, o \u00f3rg\u00e3o solicita que a Justi\u00e7a determine o seq\u00fcestro e a indisponibilidade de bens dos acusados.<\/p>\n<p>A a\u00e7\u00e3o tem 108 p\u00e1ginas e foi subscrita pelos procuradores da Rep\u00fablica Reginaldo Pereira da Trindade, Francisco Marinho, Heitor Alves Soares e N\u00e1dia Simas Souza.<\/p>\n<p><strong>C\u00e2mara dos Deputados<\/strong><\/p>\n<p>O MPF adotou provid\u00eancias extrajudiciais para responsabilizar os acusados e outros servidores p\u00fablicos envolvidos em irregularidades ocorridas na SFA. O \u00f3rg\u00e3o solicitou abertura de sindic\u00e2ncia ou processo administrativo disciplinar contra servidores da SFA, processados ou n\u00e3o na a\u00e7\u00e3o de improbidade. Tamb\u00e9m comunicou os fatos ao presidente da C\u00e2mara dos Deputados para que se adote eventuais provid\u00eancias contra o congressista envolvido nas irregularidades ocorridas.<\/p>\n","protected":false},"excerpt":{"rendered":"<p>O deputado federal Ernandes Amorim e mais 26 pessoas e empresas s\u00e3o acusados de favorecer frigor\u00edficos O Minist\u00e9rio P\u00fablico Federal em Rond\u00f4nia (MPF\/RO) ingressou com a\u00e7\u00e3o civil por improbidade administrativa contra nove servidores da Superintend\u00eancia Federal de Agricultura no estado (SFA), cinco frigor\u00edficos, um latic\u00ednio, um curtume, dez empres\u00e1rios e funcion\u00e1rios das ind\u00fastrias e, ainda, [&hellip;]<\/p>\n","protected":false},"author":2,"featured_media":0,"comment_status":"open","ping_status":"open","sticky":false,"template":"","format":"standard","meta":{"tdm_status":"","tdm_grid_status":"","footnotes":""},"categories":[22],"tags":[],"class_list":{"0":"post-6196","1":"post","2":"type-post","3":"status-publish","4":"format-standard","6":"category-brasil"},"_links":{"self":[{"href":"https:\/\/migracao.redenoticia.com.br\/noticia\/wp-json\/wp\/v2\/posts\/6196","targetHints":{"allow":["GET"]}}],"collection":[{"href":"https:\/\/migracao.redenoticia.com.br\/noticia\/wp-json\/wp\/v2\/posts"}],"about":[{"href":"https:\/\/migracao.redenoticia.com.br\/noticia\/wp-json\/wp\/v2\/types\/post"}],"author":[{"embeddable":true,"href":"https:\/\/migracao.redenoticia.com.br\/noticia\/wp-json\/wp\/v2\/users\/2"}],"replies":[{"embeddable":true,"href":"https:\/\/migracao.redenoticia.com.br\/noticia\/wp-json\/wp\/v2\/comments?post=6196"}],"version-history":[{"count":0,"href":"https:\/\/migracao.redenoticia.com.br\/noticia\/wp-json\/wp\/v2\/posts\/6196\/revisions"}],"wp:attachment":[{"href":"https:\/\/migracao.redenoticia.com.br\/noticia\/wp-json\/wp\/v2\/media?parent=6196"}],"wp:term":[{"taxonomy":"category","embeddable":true,"href":"https:\/\/migracao.redenoticia.com.br\/noticia\/wp-json\/wp\/v2\/categories?post=6196"},{"taxonomy":"post_tag","embeddable":true,"href":"https:\/\/migracao.redenoticia.com.br\/noticia\/wp-json\/wp\/v2\/tags?post=6196"}],"curies":[{"name":"wp","href":"https:\/\/api.w.org\/{rel}","templated":true}]}}