{"id":62,"date":"2009-04-01T11:38:00","date_gmt":"2009-04-01T14:38:00","guid":{"rendered":"http:\/\/www.redenoticia.com.br\/noticia\/?p=62"},"modified":"2009-04-10T16:52:25","modified_gmt":"2009-04-10T19:52:25","slug":"cassol-ja-esta-em-cuiaba-para-o-katoomba-global-meeting","status":"publish","type":"post","link":"https:\/\/migracao.redenoticia.com.br\/noticia\/2009\/cassol-ja-esta-em-cuiaba-para-o-katoomba-global-meeting\/62","title":{"rendered":"Cassol j\u00e1 est\u00e1 em Cuiab\u00e1 para o Katoomba Global Meeting"},"content":{"rendered":"\n<p style=\"BACKGROUND: #f7f7f7; MARGIN: 0cm 0cm 0pt; LINE-HEIGHT: 13.5pt\">\n<p style=\"MARGIN: 0cm 0cm 0pt; mso-line-height-alt: 10.5pt\">\n<p style=\"MARGIN: 0cm 0cm 0pt; mso-line-height-alt: 10.5pt\">[singlepic id=248 w=320 h=240 float=left]O governador Ivo Cassol chegou \u00e0s 9:00 ao Centro de Conven\u00e7\u00f5es Pantanal, em Cuiab\u00e1, para participar do XIV Katoomba Meeting, confer\u00eancia para debater o desenvolvimento dos estados da Amaz\u00f4nia e compensa\u00e7\u00f5es ambientais.<\/p>\n<p style=\"MARGIN: 0cm 0cm 0pt\">\n<p style=\"MARGIN: 0cm 0cm 0pt\">Cassol foi recebido pelo governador Blairo Magi no Centro de Conven\u00e7\u00f5es da capital matogrossense, toralmente tomado por entidades ambientais, do Brasil e do exterior, que vieram acompanhar os debates e as propostas dos estados para o desenvolvimento da regi\u00e3o amaz\u00f4nica e as compensa\u00e7\u00f5es ambientais aos moradores dos estados diretamente atingidos pelo desmatamento. Cassol concedeu entrevista coletiva \u00e0 imprensa nacional e internacional presente, e mais uma vez denunciou a extra\u00e7\u00e3o ilegal de diamentes da Reserva Roosevelt, denunciada repetidas vezes por ele, mas que permanece da mesma forma, com garimpo ilegal sem nenhuma medida adotada pelos \u00f3rg\u00e3os federais respons\u00e1veis pela \u00e1rea. O governador explicou tamb\u00e9m como funciona o sistema de georeferenciamento e licenciamento ambiental executado pelo Governo do Estado, atrav\u00e9s da Secretaria de Desenvolvimento Ambiental, que serve de exemplo para os demais estados da Regi\u00e3o Norte pela precis\u00e3o e efici\u00eancia. \u00c0s 9:30 horas o americano Michael Jenkins, diretor da Katoomba Group and Forest Trends e promotor do encontro abriu os trabalhos, seguido do governador Blairo Magi fez o agradecimento pela presen\u00e7a de todos, e pelo professor Gilvan Meira, do Instituto de Pesquisas Clim\u00e1ticas da Universidade de S\u00e3o Paulo &#8211; USP, primeiro palestrante convidado, que fala neste momento sobre a mudan\u00e7a do clima influenciado pelo desmatamento na Amaz\u00f4nia e as propostas para conter o problema.<\/p>\n<p style=\"MARGIN: 0cm 0cm 0pt\">\n<p style=\"MARGIN: 0cm 0cm 0pt\">Fonte: DECOM &#8211; Departamento de Comunica\u00e7\u00e3o Social<\/p>\n<p style=\"MARGIN: 0cm 0cm 0pt\">\n<p style=\"MARGIN: 0cm 0cm 0pt\">\n","protected":false},"excerpt":{"rendered":"<p>[singlepic id=248 w=320 h=240 float=left]O governador Ivo Cassol chegou \u00e0s 9:00 ao Centro de Conven\u00e7\u00f5es Pantanal, em Cuiab\u00e1, para participar do XIV Katoomba Meeting, confer\u00eancia para debater o desenvolvimento dos estados da Amaz\u00f4nia e compensa\u00e7\u00f5es ambientais. Cassol foi recebido pelo governador Blairo Magi no Centro de Conven\u00e7\u00f5es da capital matogrossense, toralmente tomado por entidades ambientais, [&hellip;]<\/p>\n","protected":false},"author":2,"featured_media":0,"comment_status":"open","ping_status":"open","sticky":false,"template":"","format":"standard","meta":{"tdm_status":"","tdm_grid_status":"","footnotes":""},"categories":[22],"tags":[],"class_list":{"0":"post-62","1":"post","2":"type-post","3":"status-publish","4":"format-standard","6":"category-brasil"},"_links":{"self":[{"href":"https:\/\/migracao.redenoticia.com.br\/noticia\/wp-json\/wp\/v2\/posts\/62","targetHints":{"allow":["GET"]}}],"collection":[{"href":"https:\/\/migracao.redenoticia.com.br\/noticia\/wp-json\/wp\/v2\/posts"}],"about":[{"href":"https:\/\/migracao.redenoticia.com.br\/noticia\/wp-json\/wp\/v2\/types\/post"}],"author":[{"embeddable":true,"href":"https:\/\/migracao.redenoticia.com.br\/noticia\/wp-json\/wp\/v2\/users\/2"}],"replies":[{"embeddable":true,"href":"https:\/\/migracao.redenoticia.com.br\/noticia\/wp-json\/wp\/v2\/comments?post=62"}],"version-history":[{"count":0,"href":"https:\/\/migracao.redenoticia.com.br\/noticia\/wp-json\/wp\/v2\/posts\/62\/revisions"}],"wp:attachment":[{"href":"https:\/\/migracao.redenoticia.com.br\/noticia\/wp-json\/wp\/v2\/media?parent=62"}],"wp:term":[{"taxonomy":"category","embeddable":true,"href":"https:\/\/migracao.redenoticia.com.br\/noticia\/wp-json\/wp\/v2\/categories?post=62"},{"taxonomy":"post_tag","embeddable":true,"href":"https:\/\/migracao.redenoticia.com.br\/noticia\/wp-json\/wp\/v2\/tags?post=62"}],"curies":[{"name":"wp","href":"https:\/\/api.w.org\/{rel}","templated":true}]}}