{"id":6201,"date":"2009-07-22T14:29:21","date_gmt":"2009-07-22T18:29:21","guid":{"rendered":"http:\/\/www.redenoticia.com.br\/noticia\/?p=6201"},"modified":"2009-07-22T14:29:21","modified_gmt":"2009-07-22T18:29:21","slug":"vendaval-causou-destruicao-e-antecede-massa-polar-no-rs","status":"publish","type":"post","link":"https:\/\/migracao.redenoticia.com.br\/noticia\/2009\/vendaval-causou-destruicao-e-antecede-massa-polar-no-rs\/6201","title":{"rendered":"Vendaval causou destrui\u00e7\u00e3o e antecede massa polar no RS"},"content":{"rendered":"<p>Os fortes ventos que atingiram o Rio Grande do Sul entre a tarde de ter\u00e7a (21) e a madrugada de quarta-feira (22) antecederam a chegada de uma massa de ar polar que pode trazer temperaturas negativas ao Estado. Os ventos chegaram a quase 100 km\/h e derrubaram postes e \u00e1rvores, al\u00e9m de destelhar resid\u00eancias. At\u00e9 a manh\u00e3 desta quarta, a Defesa Civil contabilizava estragos em, no m\u00ednimo, cinco munic\u00edpios. O \u00f3rg\u00e3o ga\u00facho est\u00e1 auxiliando as coordenadorias municipais no levantamento dos danos. Se for necess\u00e1rio, enviar\u00e1 itens para ajudar as pessoas atingidas.<\/p>\n<p>Em S\u00e3o Borja, cinco resid\u00eancias foram destelhadas, postes de luz derrubados e cerca de 70 pessoas foram afetadas pelos fortes ventos. No munic\u00edpio de Caxias do Sul, houve destelhamento de estruturas e quedas de \u00e1rvores. Em Santa Maria, os ventos chegaram a 70 km\/h, derrubando postes e destelhando cerca de 15 resid\u00eancias. J\u00e1 em Barra do Quara\u00ed, cinco postes de energia ca\u00edram, sendo que um danificou uma casa, sem causar feridos. O \u00f3rg\u00e3o tamb\u00e9m contabilizou destelhamentos parciais em v\u00e1rias localidades.<\/p>\n<p><strong>M\u00ednima pode chegar a -5\u00b0<\/strong><br \/>\nConforme a Defesa Civil, as temperaturas come\u00e7am a cair j\u00e1 nesta quarta-feira em todo o Estado. Nesta quinta-feira (23), a massa de ar polar derruba a m\u00ednima para -1\u00b0, com possibilidade de geada nas regi\u00f5es da Campanha, Sul, Oeste e Central. Na sexta (24) e no s\u00e1bado (25), o Rio Grande do Sul deve registrar as temperaturas mais baixas do ano, com os term\u00f4metros podendo marcar -5\u00b0. Pode gear na maior parte do Estado, e as temperaturas m\u00e1ximas n\u00e3o devem passar de 16\u00b0.<\/p>\n","protected":false},"excerpt":{"rendered":"<p>Os fortes ventos que atingiram o Rio Grande do Sul entre a tarde de ter\u00e7a (21) e a madrugada de quarta-feira (22) antecederam a chegada de uma massa de ar polar que pode trazer temperaturas negativas ao Estado. Os ventos chegaram a quase 100 km\/h e derrubaram postes e \u00e1rvores, al\u00e9m de destelhar resid\u00eancias. At\u00e9 [&hellip;]<\/p>\n","protected":false},"author":3,"featured_media":0,"comment_status":"open","ping_status":"open","sticky":false,"template":"","format":"standard","meta":{"tdm_status":"","tdm_grid_status":"","footnotes":""},"categories":[22],"tags":[],"class_list":{"0":"post-6201","1":"post","2":"type-post","3":"status-publish","4":"format-standard","6":"category-brasil"},"_links":{"self":[{"href":"https:\/\/migracao.redenoticia.com.br\/noticia\/wp-json\/wp\/v2\/posts\/6201","targetHints":{"allow":["GET"]}}],"collection":[{"href":"https:\/\/migracao.redenoticia.com.br\/noticia\/wp-json\/wp\/v2\/posts"}],"about":[{"href":"https:\/\/migracao.redenoticia.com.br\/noticia\/wp-json\/wp\/v2\/types\/post"}],"author":[{"embeddable":true,"href":"https:\/\/migracao.redenoticia.com.br\/noticia\/wp-json\/wp\/v2\/users\/3"}],"replies":[{"embeddable":true,"href":"https:\/\/migracao.redenoticia.com.br\/noticia\/wp-json\/wp\/v2\/comments?post=6201"}],"version-history":[{"count":0,"href":"https:\/\/migracao.redenoticia.com.br\/noticia\/wp-json\/wp\/v2\/posts\/6201\/revisions"}],"wp:attachment":[{"href":"https:\/\/migracao.redenoticia.com.br\/noticia\/wp-json\/wp\/v2\/media?parent=6201"}],"wp:term":[{"taxonomy":"category","embeddable":true,"href":"https:\/\/migracao.redenoticia.com.br\/noticia\/wp-json\/wp\/v2\/categories?post=6201"},{"taxonomy":"post_tag","embeddable":true,"href":"https:\/\/migracao.redenoticia.com.br\/noticia\/wp-json\/wp\/v2\/tags?post=6201"}],"curies":[{"name":"wp","href":"https:\/\/api.w.org\/{rel}","templated":true}]}}