{"id":6204,"date":"2009-07-22T14:35:43","date_gmt":"2009-07-22T18:35:43","guid":{"rendered":"http:\/\/www.redenoticia.com.br\/noticia\/?p=6204"},"modified":"2009-07-22T14:40:44","modified_gmt":"2009-07-22T18:40:44","slug":"cultura-divulga-que-extraterrestres-invadem-a-tela-da-tv-ra-tim-bum","status":"publish","type":"post","link":"https:\/\/migracao.redenoticia.com.br\/noticia\/2009\/cultura-divulga-que-extraterrestres-invadem-a-tela-da-tv-ra-tim-bum\/6204","title":{"rendered":"Cultura divulga que extraterrestres invadem a tela da tv r\u00e1 tim bum"},"content":{"rendered":"<p><a href=\"https:\/\/migracao.redenoticia.com.br\/noticia\/imagens\/\/ratimbum.jpg\"><img loading=\"lazy\" decoding=\"async\" class=\"alignleft size-medium wp-image-6206\" title=\"ratimbum\" src=\"https:\/\/migracao.redenoticia.com.br\/noticia\/imagens\/\/ratimbum-249x187.jpg\" alt=\"ratimbum\" width=\"249\" height=\"187\" \/><\/a>Kiara e os Luminitos, que estreia em 1\u00b0 de agosto, traz as aventuras de uma garotinha no planeta Luz, abordando temas como inclus\u00e3o social e a dificuldade de fazer amigos<br \/>\nEm um planeta totalmente diferente, habitado por seres extraterrestres, uma garotinha tem a dif\u00edcil miss\u00e3o de conquistar novos amigos, ser aceita na escola e formar seu ciclo social. Esse \u00e9 o mote do novo desenho da TV R\u00e1 Tim Bum, Kiara e os Luminitos, que estreia no dia 1\u00b0 de agosto (s\u00e1bado).<\/p>\n<p>Apresentado aos s\u00e1bados e domingos em tr\u00eas hor\u00e1rios &#8211; \u00e0s 9h45, 13h50 e 21h20 &#8211; o infantil aborda, de forma leve e descontra\u00edda, temas de grande import\u00e2ncia para o universo infantil, como inclus\u00e3o social, primeiro dia de aula, a dificuldade de fazer amigos, entre outros.<\/p>\n<p>Rec\u00e9m chegada ao planeta Luz, Kiara se v\u00ea sem companhia e com um grande t\u00e9dio, pois a televis\u00e3o n\u00e3o tem sinal, a internet n\u00e3o conecta e seu v\u00eddeo game n\u00e3o funciona. Ao lado de seus pais, ela descobre que precisa tomar coragem para se aproximar de outras crian\u00e7as e, assim, conhecer novos colegas. Mesmo com medo da rejei\u00e7\u00e3o &#8211; afinal, ela \u00e9 terr\u00e1quea e os habitantes s\u00e3o estranhos ao seu mundo &#8211; ela conhece uma turminha muito divertida: Ana Luz, Luscofusco, Pirilampo, Lux, Purpurina e Luna, que v\u00e3o encher de aventuras o cotidiano da garota.<\/p>\n<p>Kiara e os Luminitos tem um hor\u00e1rio alternativo aos domingos e segundas, \u00e0s 3h45.<\/p>\n<p>Classifica\u00e7\u00e3o indicativa: livre.<\/p>\n","protected":false},"excerpt":{"rendered":"<p>Kiara e os Luminitos, que estreia em 1\u00b0 de agosto, traz as aventuras de uma garotinha no planeta Luz, abordando temas como inclus\u00e3o social e a dificuldade de fazer amigos Em um planeta totalmente diferente, habitado por seres extraterrestres, uma garotinha tem a dif\u00edcil miss\u00e3o de conquistar novos amigos, ser aceita na escola e formar [&hellip;]<\/p>\n","protected":false},"author":3,"featured_media":0,"comment_status":"open","ping_status":"open","sticky":false,"template":"","format":"standard","meta":{"tdm_status":"","tdm_grid_status":"","footnotes":""},"categories":[22],"tags":[],"class_list":{"0":"post-6204","1":"post","2":"type-post","3":"status-publish","4":"format-standard","6":"category-brasil"},"_links":{"self":[{"href":"https:\/\/migracao.redenoticia.com.br\/noticia\/wp-json\/wp\/v2\/posts\/6204","targetHints":{"allow":["GET"]}}],"collection":[{"href":"https:\/\/migracao.redenoticia.com.br\/noticia\/wp-json\/wp\/v2\/posts"}],"about":[{"href":"https:\/\/migracao.redenoticia.com.br\/noticia\/wp-json\/wp\/v2\/types\/post"}],"author":[{"embeddable":true,"href":"https:\/\/migracao.redenoticia.com.br\/noticia\/wp-json\/wp\/v2\/users\/3"}],"replies":[{"embeddable":true,"href":"https:\/\/migracao.redenoticia.com.br\/noticia\/wp-json\/wp\/v2\/comments?post=6204"}],"version-history":[{"count":0,"href":"https:\/\/migracao.redenoticia.com.br\/noticia\/wp-json\/wp\/v2\/posts\/6204\/revisions"}],"wp:attachment":[{"href":"https:\/\/migracao.redenoticia.com.br\/noticia\/wp-json\/wp\/v2\/media?parent=6204"}],"wp:term":[{"taxonomy":"category","embeddable":true,"href":"https:\/\/migracao.redenoticia.com.br\/noticia\/wp-json\/wp\/v2\/categories?post=6204"},{"taxonomy":"post_tag","embeddable":true,"href":"https:\/\/migracao.redenoticia.com.br\/noticia\/wp-json\/wp\/v2\/tags?post=6204"}],"curies":[{"name":"wp","href":"https:\/\/api.w.org\/{rel}","templated":true}]}}