{"id":6209,"date":"2009-07-22T16:07:21","date_gmt":"2009-07-22T20:07:21","guid":{"rendered":"http:\/\/www.redenoticia.com.br\/noticia\/?p=6209"},"modified":"2009-07-22T16:07:22","modified_gmt":"2009-07-22T20:07:22","slug":"mec-abriu-processo-para-o-descredenciamento-de-cursos-da-unitins","status":"publish","type":"post","link":"https:\/\/migracao.redenoticia.com.br\/noticia\/2009\/mec-abriu-processo-para-o-descredenciamento-de-cursos-da-unitins\/6209","title":{"rendered":"MEC abriu processo para o descredenciamento de cursos da Unitins"},"content":{"rendered":"<p>O Minist\u00e9rio da Educa\u00e7\u00e3o abriu nesta quarta-feira, dia 22, processo administrativo para o descredenciamento de cursos a dist\u00e2ncia oferecidos pela Funda\u00e7\u00e3o Universidade Estadual do Tocantins (Unitins). A a\u00e7\u00e3o foi iniciada porque a institui\u00e7\u00e3o n\u00e3o assinou o termo de saneamento de defici\u00eancias, ap\u00f3s nove meses de negocia\u00e7\u00e3o. Al\u00e9m disso, n\u00e3o cumpriu o termo de ajuste de conduta (TAC), firmado com o MEC e com o Minist\u00e9rio P\u00fablico Federal de Tocantins, em abril. O TAC prev\u00ea a transfer\u00eancia de 65 mil alunos para outras institui\u00e7\u00f5es.<br \/>\nO processo de supervis\u00e3o da Unitins, iniciado pelo minist\u00e9rio no ano passado, identificou diversas irregularidades. Entre elas, a cobran\u00e7a de mensalidades por parte de uma institui\u00e7\u00e3o p\u00fablica de ensino e a delega\u00e7\u00e3o de compet\u00eancias acad\u00eamicas para parceiros n\u00e3o credenciados pelo MEC para a oferta de cursos superiores a dist\u00e2ncia.<\/p>\n<p>Foi constatada tamb\u00e9m a oferta dos cursos a dist\u00e2ncia em polos irregulares e quantidade insuficiente de professores e tutores. A Unitins tem prazo de 15 dias para apresentar defesa.<\/p>\n<p>Tamb\u00e9m nesta quarta-feira, o MEC e o Minist\u00e9rio P\u00fablico de Tocantins ingressam na Justi\u00e7a para que a institui\u00e7\u00e3o cumpra o TAC.<\/p>\n<p>Assessoria de Comunica\u00e7\u00e3o Social<\/p>\n","protected":false},"excerpt":{"rendered":"<p>O Minist\u00e9rio da Educa\u00e7\u00e3o abriu nesta quarta-feira, dia 22, processo administrativo para o descredenciamento de cursos a dist\u00e2ncia oferecidos pela Funda\u00e7\u00e3o Universidade Estadual do Tocantins (Unitins). A a\u00e7\u00e3o foi iniciada porque a institui\u00e7\u00e3o n\u00e3o assinou o termo de saneamento de defici\u00eancias, ap\u00f3s nove meses de negocia\u00e7\u00e3o. Al\u00e9m disso, n\u00e3o cumpriu o termo de ajuste de [&hellip;]<\/p>\n","protected":false},"author":3,"featured_media":0,"comment_status":"open","ping_status":"open","sticky":false,"template":"","format":"standard","meta":{"tdm_status":"","tdm_grid_status":"","footnotes":""},"categories":[22],"tags":[],"class_list":{"0":"post-6209","1":"post","2":"type-post","3":"status-publish","4":"format-standard","6":"category-brasil"},"_links":{"self":[{"href":"https:\/\/migracao.redenoticia.com.br\/noticia\/wp-json\/wp\/v2\/posts\/6209","targetHints":{"allow":["GET"]}}],"collection":[{"href":"https:\/\/migracao.redenoticia.com.br\/noticia\/wp-json\/wp\/v2\/posts"}],"about":[{"href":"https:\/\/migracao.redenoticia.com.br\/noticia\/wp-json\/wp\/v2\/types\/post"}],"author":[{"embeddable":true,"href":"https:\/\/migracao.redenoticia.com.br\/noticia\/wp-json\/wp\/v2\/users\/3"}],"replies":[{"embeddable":true,"href":"https:\/\/migracao.redenoticia.com.br\/noticia\/wp-json\/wp\/v2\/comments?post=6209"}],"version-history":[{"count":0,"href":"https:\/\/migracao.redenoticia.com.br\/noticia\/wp-json\/wp\/v2\/posts\/6209\/revisions"}],"wp:attachment":[{"href":"https:\/\/migracao.redenoticia.com.br\/noticia\/wp-json\/wp\/v2\/media?parent=6209"}],"wp:term":[{"taxonomy":"category","embeddable":true,"href":"https:\/\/migracao.redenoticia.com.br\/noticia\/wp-json\/wp\/v2\/categories?post=6209"},{"taxonomy":"post_tag","embeddable":true,"href":"https:\/\/migracao.redenoticia.com.br\/noticia\/wp-json\/wp\/v2\/tags?post=6209"}],"curies":[{"name":"wp","href":"https:\/\/api.w.org\/{rel}","templated":true}]}}