{"id":6214,"date":"2009-07-22T16:12:16","date_gmt":"2009-07-22T20:12:16","guid":{"rendered":"http:\/\/www.redenoticia.com.br\/noticia\/?p=6214"},"modified":"2009-08-01T23:42:25","modified_gmt":"2009-08-02T03:42:25","slug":"diretoria-da-fiero-apresenta-planos-estrategicos-para-empresarios-em-ji-parana","status":"publish","type":"post","link":"https:\/\/migracao.redenoticia.com.br\/noticia\/2009\/diretoria-da-fiero-apresenta-planos-estrategicos-para-empresarios-em-ji-parana\/6214","title":{"rendered":"Diretoria da Fiero apresenta planos estrat\u00e9gicos para empres\u00e1rios em Ji-Paran\u00e1"},"content":{"rendered":"<p>Concluindo o calend\u00e1rio de atividades e visitas feitas a industriais em Ji-Paran\u00e1, a caravana da Federa\u00e7\u00e3o das Ind\u00fastrias do Estado de Rond\u00f4nia (Fiero), convidou 70 empres\u00e1rios da cidade para apresentar a nova diretoria e expor o planejamento estrat\u00e9gico dessa gest\u00e3o. O mesmo roteiro tem sido repetido em todo o interior do Estado, faltando apenas a regi\u00e3o de Rolim de Moura para finalizar a programa\u00e7\u00e3o. De acordo com o presidente da Fiero, Denis Ba\u00fa, a caravana foi formada para conhecer pessoalmente o potencial industrial dessas empresas e tamb\u00e9m saber das necessidades das mesmas para que a Federa\u00e7\u00e3o possa dar o suporte devido ao setor. \u201cAs visitas tem sido muito produtivas. Em especial, Ji-Paran\u00e1 destacou ind\u00fastrias com grande entusiasmo para desenvolver ainda mais e isso nos motiva a melhorar o trabalho do nosso sistema. Queremos colaborar com o associativismo estreitando la\u00e7os para discutir junto a esses investidores. A inten\u00e7\u00e3o \u00e9 que a cada cinco meses possamos voltar para acompanhar o progresso de cada empresa\u201d, ressaltou o presidente. A superintendente do Sesi, Soraia Calixto, acrescentou dizendo que todo o sistema, formado pelo Senai, Sesi, Fiero e IEL, tem se unido para agir dando a assist\u00eancia necess\u00e1ria aos setores envolvidos. \u201cA capacita\u00e7\u00e3o tem sido exigida e hoje vemos grandes ind\u00fastrias com um quadro de colaboradores extremamente qualificados e com grandes planos para o futuro. Depois de ouvido os empres\u00e1rios, a Fiero pretende com isso, transformar as necessidades em diretrizes e projetos para aplicar no segmento\u201d, garantiu.Presente no evento, o vice-presidente da Associa\u00e7\u00e3o Comercial e Industrial de Ji-Paran\u00e1 (ACIJIP), Claudemir Miranda, elogiou a iniciativa dessa nova gest\u00e3o da Fiero e reconheceu a disposi\u00e7\u00e3o em conhecer a realidade das ind\u00fastrias no Estado. \u201cIsso reflete na for\u00e7a que os industriais t\u00eam demonstrado com seus investimentos na regi\u00e3o e principalmente em Ji-Paran\u00e1. Essa visita e as discuss\u00f5es vem a agregar valor ao trabalho de uma classe que tem se dedicado para alavancar ainda mais a economia de Rond\u00f4nia\u201d, enfatizou Miranda.<\/p>\n","protected":false},"excerpt":{"rendered":"<p>Concluindo o calend\u00e1rio de atividades e visitas feitas a industriais em Ji-Paran\u00e1, a caravana da Federa\u00e7\u00e3o das Ind\u00fastrias do Estado de Rond\u00f4nia (Fiero), convidou 70 empres\u00e1rios da cidade para apresentar a nova diretoria e expor o planejamento estrat\u00e9gico dessa gest\u00e3o. O mesmo roteiro tem sido repetido em todo o interior do Estado, faltando apenas a [&hellip;]<\/p>\n","protected":false},"author":3,"featured_media":0,"comment_status":"open","ping_status":"open","sticky":false,"template":"","format":"standard","meta":{"tdm_status":"","tdm_grid_status":"","footnotes":""},"categories":[22],"tags":[],"class_list":{"0":"post-6214","1":"post","2":"type-post","3":"status-publish","4":"format-standard","6":"category-brasil"},"_links":{"self":[{"href":"https:\/\/migracao.redenoticia.com.br\/noticia\/wp-json\/wp\/v2\/posts\/6214","targetHints":{"allow":["GET"]}}],"collection":[{"href":"https:\/\/migracao.redenoticia.com.br\/noticia\/wp-json\/wp\/v2\/posts"}],"about":[{"href":"https:\/\/migracao.redenoticia.com.br\/noticia\/wp-json\/wp\/v2\/types\/post"}],"author":[{"embeddable":true,"href":"https:\/\/migracao.redenoticia.com.br\/noticia\/wp-json\/wp\/v2\/users\/3"}],"replies":[{"embeddable":true,"href":"https:\/\/migracao.redenoticia.com.br\/noticia\/wp-json\/wp\/v2\/comments?post=6214"}],"version-history":[{"count":0,"href":"https:\/\/migracao.redenoticia.com.br\/noticia\/wp-json\/wp\/v2\/posts\/6214\/revisions"}],"wp:attachment":[{"href":"https:\/\/migracao.redenoticia.com.br\/noticia\/wp-json\/wp\/v2\/media?parent=6214"}],"wp:term":[{"taxonomy":"category","embeddable":true,"href":"https:\/\/migracao.redenoticia.com.br\/noticia\/wp-json\/wp\/v2\/categories?post=6214"},{"taxonomy":"post_tag","embeddable":true,"href":"https:\/\/migracao.redenoticia.com.br\/noticia\/wp-json\/wp\/v2\/tags?post=6214"}],"curies":[{"name":"wp","href":"https:\/\/api.w.org\/{rel}","templated":true}]}}