{"id":6217,"date":"2009-07-22T16:16:08","date_gmt":"2009-07-22T20:16:08","guid":{"rendered":"http:\/\/www.redenoticia.com.br\/noticia\/?p=6217"},"modified":"2009-07-22T16:16:08","modified_gmt":"2009-07-22T20:16:08","slug":"comeca-a-recuperacao-das-estradas-do-setor-riachuelo-em-ji-parana","status":"publish","type":"post","link":"https:\/\/migracao.redenoticia.com.br\/noticia\/2009\/comeca-a-recuperacao-das-estradas-do-setor-riachuelo-em-ji-parana\/6217","title":{"rendered":"Come\u00e7a a recupera\u00e7\u00e3o das estradas do setor Riachuelo em Ji-Paran\u00e1"},"content":{"rendered":"<p><span style=\"font-size: 11pt; font-family: Arial;\"> <\/span><\/p>\n<p><span style=\"font-size: 11pt; font-family: Arial;\">As obras de recupera\u00e7\u00e3o das linhas do setor Riachuelo no munic\u00edpio de Ji-Paran\u00e1 \u2013 Rond\u00f4nia foram iniciadas nesta semana. A Secret\u00e1ria Municipal de Obras e Servi\u00e7os P\u00fablicos (Semosp) iniciou os trabalhos com a reabertura da linha 102, que estava sendo utilizada pelos moradores em situa\u00e7\u00e3o prec\u00e1ria. <\/span><\/p>\n<p><span style=\"font-size: 11pt; font-family: Arial;\">Os servi\u00e7os est\u00e3o sendo realizados inicialmente por um trator esteira, posteriormente ser\u00e1 feito o patrolamento e o cascalhamento da via. O calend\u00e1rio prev\u00ea a recupera\u00e7\u00e3o de todas as estradas do setor no per\u00edodo de julho a outubro deste ano. <\/span><\/p>\n<p><span style=\"font-size: 11pt; font-family: Arial;\">O vereador Joziel Carlos de Brito (PMDB), esteve no local vistoriando a obra que \u00e9 uma de suas reivindica\u00e7\u00f5es junto ao Executivo Municipal. <\/span><\/p>\n<p><span style=\"font-size: 11pt; font-family: Arial;\">Segundo o vereador, esta \u00e9 uma antiga reivindica\u00e7\u00e3o da popula\u00e7\u00e3o daquela \u00e1rea, que depende das estradas para o escoamento da produ\u00e7\u00e3o agr\u00edcola, al\u00e9m dos estudantes que utilizam as vias com o transporte escolar. <\/span><\/p>\n<p><span style=\"font-size: 11pt; font-family: Arial;\">Joziel de Brito salientou ainda que a recupera\u00e7\u00e3o das linhas se deve ao empenho do prefeito Jos\u00e9 Bianco que tem se mostrado sens\u00edvel quanto \u00e0s necessidades da popula\u00e7\u00e3o rural. \u201cA Secretaria de Obras e o Prefeito Bianco sempre t\u00eam buscado atender com agilidade nossos pleitos. Sabemos da grande demanda de nossa cidade e das dificuldades enfrentadas pela prefeitura, no entanto, o executivo tem dispensado uma aten\u00e7\u00e3o impar, especialmente para o setor rural\u201d, concluiu.<\/span><\/p>\n","protected":false},"excerpt":{"rendered":"<p>As obras de recupera\u00e7\u00e3o das linhas do setor Riachuelo no munic\u00edpio de Ji-Paran\u00e1 \u2013 Rond\u00f4nia foram iniciadas nesta semana. A Secret\u00e1ria Municipal de Obras e Servi\u00e7os P\u00fablicos (Semosp) iniciou os trabalhos com a reabertura da linha 102, que estava sendo utilizada pelos moradores em situa\u00e7\u00e3o prec\u00e1ria. Os servi\u00e7os est\u00e3o sendo realizados inicialmente por um trator [&hellip;]<\/p>\n","protected":false},"author":3,"featured_media":0,"comment_status":"open","ping_status":"open","sticky":false,"template":"","format":"standard","meta":{"tdm_status":"","tdm_grid_status":"","footnotes":""},"categories":[22],"tags":[],"class_list":{"0":"post-6217","1":"post","2":"type-post","3":"status-publish","4":"format-standard","6":"category-brasil"},"_links":{"self":[{"href":"https:\/\/migracao.redenoticia.com.br\/noticia\/wp-json\/wp\/v2\/posts\/6217","targetHints":{"allow":["GET"]}}],"collection":[{"href":"https:\/\/migracao.redenoticia.com.br\/noticia\/wp-json\/wp\/v2\/posts"}],"about":[{"href":"https:\/\/migracao.redenoticia.com.br\/noticia\/wp-json\/wp\/v2\/types\/post"}],"author":[{"embeddable":true,"href":"https:\/\/migracao.redenoticia.com.br\/noticia\/wp-json\/wp\/v2\/users\/3"}],"replies":[{"embeddable":true,"href":"https:\/\/migracao.redenoticia.com.br\/noticia\/wp-json\/wp\/v2\/comments?post=6217"}],"version-history":[{"count":0,"href":"https:\/\/migracao.redenoticia.com.br\/noticia\/wp-json\/wp\/v2\/posts\/6217\/revisions"}],"wp:attachment":[{"href":"https:\/\/migracao.redenoticia.com.br\/noticia\/wp-json\/wp\/v2\/media?parent=6217"}],"wp:term":[{"taxonomy":"category","embeddable":true,"href":"https:\/\/migracao.redenoticia.com.br\/noticia\/wp-json\/wp\/v2\/categories?post=6217"},{"taxonomy":"post_tag","embeddable":true,"href":"https:\/\/migracao.redenoticia.com.br\/noticia\/wp-json\/wp\/v2\/tags?post=6217"}],"curies":[{"name":"wp","href":"https:\/\/api.w.org\/{rel}","templated":true}]}}