{"id":6219,"date":"2009-07-22T16:22:13","date_gmt":"2009-07-22T20:22:13","guid":{"rendered":"http:\/\/www.redenoticia.com.br\/noticia\/?p=6219"},"modified":"2009-07-22T16:23:55","modified_gmt":"2009-07-22T20:23:55","slug":"evento-lanca-festival-casarao-em-ji-parana","status":"publish","type":"post","link":"https:\/\/migracao.redenoticia.com.br\/noticia\/2009\/evento-lanca-festival-casarao-em-ji-parana\/6219","title":{"rendered":"Evento lan\u00e7a Festival Casar\u00e3o em Ji-Paran\u00e1"},"content":{"rendered":"<p><a href=\"https:\/\/migracao.redenoticia.com.br\/noticia\/imagens\/\/casarao.jpg\"><img loading=\"lazy\" decoding=\"async\" class=\"alignleft size-medium wp-image-6220\" title=\"casarao\" src=\"https:\/\/migracao.redenoticia.com.br\/noticia\/imagens\/\/casarao-249x187.jpg\" alt=\"casarao\" width=\"249\" height=\"187\" \/><\/a>Uma parceria entre o Circuito Fora do Eixo, Interior Alternativo e Festival Casar\u00e3o realizar\u00e3o um grande evento na cidade de Ji-Paran\u00e1 Rond\u00f4nia na sexta-feira, 31 de julho denominado a Noite Fora do Eixo. Durante a \u201cNoite Fora do Eixo\u201d, que acontecer\u00e1 no dia 31 de Julho, no Original Bar, ser\u00e1 feito o lan\u00e7amento do Festival Casar\u00e3o, que acontece na capital Porto Velho, no per\u00edodo de 04 a 06 de setembro.<\/p>\n<p>A Noite Fora do Eixo tem o objetivo de divulgar os trabalhos de bandas locais, criando um espa\u00e7o para intercambio com outras bandas de fora, disse o organizador do evento, Raphael Amorim. O ingresso para a Noite Fora do Eixo ser\u00e1 vendido na hora no valor de R$ 10 reais.<\/p>\n<p><strong>ATRA\u00c7\u00d5ES \u2013<\/strong> Como atra\u00e7\u00e3o principal da Noite Fora do Eixo, a banda acreana Los Porongas, que vive a dois anos em S\u00e3o Paulo, se apresentou recentemente no Programa Altas Horas e j\u00e1 foi atra\u00e7\u00e3o principal de outras edi\u00e7\u00f5es do Festival Casar\u00e3o. Os acreanos foram apontados pela cr\u00edtica como uma das novas revela\u00e7\u00f5es do rock brasileiro. Seu primeiro CD, auto-intitulado, foi muito bem recebido pela cr\u00edtica especializada, com destaque em ve\u00edculos como Folha de S\u00e3o Paulo, Estado de Minas, e no Ita\u00fa Cultural.<\/p>\n<p>Outra atra\u00e7\u00e3o da noite ser\u00e1  a banda jiparanaense de indie rock Di Marco que foi criada no ano de 2004 e tem sua atual composi\u00e7\u00e3o com Raphael Amorim (voz e guitarras), Alexandre Wilsen (bateria e voz) e Uelton Amorim (baixo). A banda Di Marco ser\u00e1 uma das atra\u00e7\u00f5es principais do Festival Casar\u00e3o 2009 que completa 10 anos. A Noite Fora do Eixo ainda ter\u00e1 o DJ Banana para encerrar a noite.<\/p>\n<p><strong>FESTIVAL CASAR\u00c3O &#8211; <\/strong>Conhecido como o maior festival de m\u00fasica independente do estado de Rond\u00f4nia, o Festival Casar\u00e3o acontece no per\u00edodo de 04 a 06 de setembro, no Clube Mirante 2 e Meio, em Porto Velho e ter\u00e1 uma vasta programa\u00e7\u00e3o que inclui um total de 28 bandas de nove estados al\u00e9m de uma banda vinda da Bol\u00edvia e como atra\u00e7\u00f5es principais as bandas Pato Fu, Ratos do Por\u00e3o e Moptop.<\/p>\n<p><strong><em>Mari Camata<\/em><\/strong><\/p>\n","protected":false},"excerpt":{"rendered":"<p>Uma parceria entre o Circuito Fora do Eixo, Interior Alternativo e Festival Casar\u00e3o realizar\u00e3o um grande evento na cidade de Ji-Paran\u00e1 Rond\u00f4nia na sexta-feira, 31 de julho denominado a Noite Fora do Eixo. Durante a \u201cNoite Fora do Eixo\u201d, que acontecer\u00e1 no dia 31 de Julho, no Original Bar, ser\u00e1 feito o lan\u00e7amento do Festival [&hellip;]<\/p>\n","protected":false},"author":3,"featured_media":0,"comment_status":"open","ping_status":"open","sticky":false,"template":"","format":"standard","meta":{"tdm_status":"","tdm_grid_status":"","footnotes":""},"categories":[22],"tags":[],"class_list":{"0":"post-6219","1":"post","2":"type-post","3":"status-publish","4":"format-standard","6":"category-brasil"},"_links":{"self":[{"href":"https:\/\/migracao.redenoticia.com.br\/noticia\/wp-json\/wp\/v2\/posts\/6219","targetHints":{"allow":["GET"]}}],"collection":[{"href":"https:\/\/migracao.redenoticia.com.br\/noticia\/wp-json\/wp\/v2\/posts"}],"about":[{"href":"https:\/\/migracao.redenoticia.com.br\/noticia\/wp-json\/wp\/v2\/types\/post"}],"author":[{"embeddable":true,"href":"https:\/\/migracao.redenoticia.com.br\/noticia\/wp-json\/wp\/v2\/users\/3"}],"replies":[{"embeddable":true,"href":"https:\/\/migracao.redenoticia.com.br\/noticia\/wp-json\/wp\/v2\/comments?post=6219"}],"version-history":[{"count":0,"href":"https:\/\/migracao.redenoticia.com.br\/noticia\/wp-json\/wp\/v2\/posts\/6219\/revisions"}],"wp:attachment":[{"href":"https:\/\/migracao.redenoticia.com.br\/noticia\/wp-json\/wp\/v2\/media?parent=6219"}],"wp:term":[{"taxonomy":"category","embeddable":true,"href":"https:\/\/migracao.redenoticia.com.br\/noticia\/wp-json\/wp\/v2\/categories?post=6219"},{"taxonomy":"post_tag","embeddable":true,"href":"https:\/\/migracao.redenoticia.com.br\/noticia\/wp-json\/wp\/v2\/tags?post=6219"}],"curies":[{"name":"wp","href":"https:\/\/api.w.org\/{rel}","templated":true}]}}