{"id":6224,"date":"2009-07-22T16:41:52","date_gmt":"2009-07-22T20:41:52","guid":{"rendered":"http:\/\/www.redenoticia.com.br\/noticia\/?p=6224"},"modified":"2009-07-27T02:06:29","modified_gmt":"2009-07-27T02:06:29","slug":"cultivo-de-flores-tropicais-e-tema-de-dia-de-campo-em-rondonia","status":"publish","type":"post","link":"https:\/\/migracao.redenoticia.com.br\/noticia\/2009\/cultivo-de-flores-tropicais-e-tema-de-dia-de-campo-em-rondonia\/6224","title":{"rendered":"Cultivo de flores tropicais \u00e9 tema de dia de campo em Rond\u00f4nia"},"content":{"rendered":"<p>Mais coloridas e dur\u00e1veis que as de clima temperado, as flores tropicais despontam como alternativas de cultivo na Amaz\u00f4nia e s\u00e3o tema de dia de campo que ser\u00e1 realizado pela Embrapa Rond\u00f4nia no pr\u00f3ximo s\u00e1bado, dia 25, em Porto Velho. O evento aborda dois pontos cr\u00edticos da produ\u00e7\u00e3o de flores: a colheita, que precisa ser realizada no tempo certo de matura\u00e7\u00e3o da planta, e a p\u00f3s-colheita, com t\u00e9cnicas que v\u00e3o garantir a qualidade do produto que chega ao consumidor. Mercado local, possibilidades de neg\u00f3cio e limita\u00e7\u00f5es da cadeia produtiva tamb\u00e9m ser\u00e3o tratados.<\/p>\n<p>Especialista em agricultura tropical, a pesquisadora Vanda Gorete Souza Rodrigues, da Embrapa Rond\u00f4nia, explica que a grande vantagem das flores tropicais em compara\u00e7\u00e3o com as flores de clima temperado &#8211; como rosas e cris\u00e2ntemos &#8211; \u00e9 a durabilidade. &#8220;As flores tropicais duram de sete a dez dias, dependendo da t\u00e9cnica de p\u00f3s-colheita&#8221;, explica a pesquisadora.<br \/>\nMas a durabilidade est\u00e1 diretamente relacionada \u00e0 \u00e9poca de colheita. Pesquisadores realizaram experimentos com oito diferentes esp\u00e9cies de flores tropicais em Porto Velho para identificar o ponto ideal de corte. Foram testadas colheitas em diferentes est\u00e1gios de abertura das flores. Os resultados est\u00e3o sendo analisados e ser\u00e3o organizados em publica\u00e7\u00e3o t\u00e9cnica.<br \/>\nAl\u00e9m da \u00e9poca de matura\u00e7\u00e3o, os especialistas lembram que \u00e9 importante respeitar os hor\u00e1rios para colheita. Os cortes devem ser feitos em hor\u00e1rios de temperaturas mais amenas, como o in\u00edcio da manh\u00e3 ou o final da tarde. O transporte do campo para o galp\u00e3o de beneficiamento deve ser r\u00e1pido, para evitar que as flores fiquem por muito tempo expostas ao calor.<br \/>\nDepois da colheita, s\u00e3o adotadas t\u00e9cnicas para garantir a qualidade do produto. O primeiro passo \u00e9 o resfriamento. As plantas devem permanecer em temperatura de aproximadamente 15\u00b0 C. Depois \u00e9 necess\u00e1rio limpar as flores com \u00e1gua. \u00c9 importante a aplica\u00e7\u00e3o de produtos para controle de insetos. O passo seguinte \u00e9 fazer a hidrata\u00e7\u00e3o, depois a classifica\u00e7\u00e3o e, por fim, a embalagem.<\/p>\n<p>Mercado potencial<\/p>\n<p>Estudo realizado pela empresa de consultoria Hortica em Porto Velho e Ji-Paran\u00e1, esta \u00faltima cidade localizada na regi\u00e3o central de Rond\u00f4nia, mostra que existe uma grande procura por flores tropicais ainda n\u00e3o atendida pela produ\u00e7\u00e3o local. O potencial de mercado para a capital do Estado, por exemplo, \u00e9 de 152.550 hastes da fam\u00edlia das helic\u00f4nias por ano. Apenas 15,5% da demanda \u00e9 atendida pela produ\u00e7\u00e3o local. A atividade econ\u00f4mica movimenta cerca de R$ 4,5 milh\u00f5es por ano na cidade.<br \/>\nO &#8220;Dia de campo sobre colheita e p\u00f3s-colheita de flores tropicais&#8221; \u00e9 uma atividade do &#8220;Projeto Rond\u00f4nia em Flores Topicais&#8221;, uma iniciativa do Sebrae com apoio da Emater-RO e da Embrapa Rond\u00f4nia, uma das 42 unidades da Empresa Brasileira de Pesquisa Agropecu\u00e1ria, vinculada ao Minist\u00e9rio da Agricultura, Pecu\u00e1ria e Abastecimento. As atividades come\u00e7am \u00e0s 8h da manh\u00e3 e ser\u00e3o realizadas na Ch\u00e1cara Santa Luzia das Flores, localizada na Linha S\u00e3o Pedro, km 11 da BR 364 sentido Cuiab\u00e1, em Porto Velho, Rond\u00f4nia.<\/p>\n","protected":false},"excerpt":{"rendered":"<p>Mais coloridas e dur\u00e1veis que as de clima temperado, as flores tropicais despontam como alternativas de cultivo na Amaz\u00f4nia e s\u00e3o tema de dia de campo que ser\u00e1 realizado pela Embrapa Rond\u00f4nia no pr\u00f3ximo s\u00e1bado, dia 25, em Porto Velho. O evento aborda dois pontos cr\u00edticos da produ\u00e7\u00e3o de flores: a colheita, que precisa ser [&hellip;]<\/p>\n","protected":false},"author":3,"featured_media":0,"comment_status":"open","ping_status":"open","sticky":false,"template":"","format":"standard","meta":{"tdm_status":"","tdm_grid_status":"","footnotes":""},"categories":[22,327,7],"tags":[],"class_list":{"0":"post-6224","1":"post","2":"type-post","3":"status-publish","4":"format-standard","6":"category-brasil","7":"category-clima","8":"category-economia"},"_links":{"self":[{"href":"https:\/\/migracao.redenoticia.com.br\/noticia\/wp-json\/wp\/v2\/posts\/6224","targetHints":{"allow":["GET"]}}],"collection":[{"href":"https:\/\/migracao.redenoticia.com.br\/noticia\/wp-json\/wp\/v2\/posts"}],"about":[{"href":"https:\/\/migracao.redenoticia.com.br\/noticia\/wp-json\/wp\/v2\/types\/post"}],"author":[{"embeddable":true,"href":"https:\/\/migracao.redenoticia.com.br\/noticia\/wp-json\/wp\/v2\/users\/3"}],"replies":[{"embeddable":true,"href":"https:\/\/migracao.redenoticia.com.br\/noticia\/wp-json\/wp\/v2\/comments?post=6224"}],"version-history":[{"count":0,"href":"https:\/\/migracao.redenoticia.com.br\/noticia\/wp-json\/wp\/v2\/posts\/6224\/revisions"}],"wp:attachment":[{"href":"https:\/\/migracao.redenoticia.com.br\/noticia\/wp-json\/wp\/v2\/media?parent=6224"}],"wp:term":[{"taxonomy":"category","embeddable":true,"href":"https:\/\/migracao.redenoticia.com.br\/noticia\/wp-json\/wp\/v2\/categories?post=6224"},{"taxonomy":"post_tag","embeddable":true,"href":"https:\/\/migracao.redenoticia.com.br\/noticia\/wp-json\/wp\/v2\/tags?post=6224"}],"curies":[{"name":"wp","href":"https:\/\/api.w.org\/{rel}","templated":true}]}}