{"id":6229,"date":"2009-07-22T16:45:50","date_gmt":"2009-07-22T16:45:50","guid":{"rendered":"http:\/\/www.redenoticia.com.br\/noticia\/?p=6229"},"modified":"2009-08-05T00:31:23","modified_gmt":"2009-08-05T04:31:23","slug":"mirella-de-a-fazenda-participa-do-melhor-do-brasil-na-record","status":"publish","type":"post","link":"https:\/\/migracao.redenoticia.com.br\/noticia\/2009\/mirella-de-a-fazenda-participa-do-melhor-do-brasil-na-record\/6229","title":{"rendered":"Mirella de A Fazenda participa do Melhor do Brasil na Record"},"content":{"rendered":"<p><a href=\"https:\/\/migracao.redenoticia.com.br\/noticia\/imagens\/\/mirella.jpg\"><img loading=\"lazy\" decoding=\"async\" class=\"alignleft size-medium wp-image-6233\" title=\"mirella\" src=\"https:\/\/migracao.redenoticia.com.br\/noticia\/imagens\/\/mirella-249x187.jpg\" alt=\"mirella\" width=\"249\" height=\"187\" \/><\/a>Em O Melhor do Brasil da Record deste s\u00e1bado (25\/07), a dancarina Mirella Santos participa do quadro Lavando Roupa Suja e abre o jogo sobre sua participa\u00e7\u00e3o no reality show A Fazenda. Durante o papo com Rodrigo Faro, o loira fala de sua amizade com Carlinhos e Dani Souza e declara seu amor pelo marido Latino.<br \/>\nNo palco, o rei da lambada Beto Barbosa vai saber um pouco mais das candidatas dispostas a conquistar seu cora\u00e7\u00e3o durante um jogo que testa afinidade entre ele e suas pretendentes no quadro Vai dar Namoro com Beto Barbosa.<\/p>\n<p>O programa traz tamb\u00e9m mais uma edi\u00e7\u00e3o do Distra\u00e7\u00e3o Fatal, um game de habilidade, coragem e capacidade de concentra\u00e7\u00e3o. Em condi\u00e7\u00f5es pouco favor\u00e1veis, os concorrentes dever\u00e3o se concentrar para responder corretamente \u00e0s perguntas feitas pelo apresentador. O vencedor do quadro concorre a v\u00e1rios pr\u00eamios.<\/p>\n<p>Por\u00e9m, a vit\u00f3ria n\u00e3o ser\u00e1 assim t\u00e3o f\u00e1cil e r\u00e1pida. Os eliminados poder\u00e3o voltar ao palco e o ganhador ainda participar\u00e1 de uma \u00faltima e decisiva rodada de perguntas. Para cada resposta errada, os eliminados se vingar\u00e3o e poder\u00e3o destruir cada parte do pr\u00eamio com martelos, marretas e outras ferramentas.<\/p>\n<p>E o tradicional Vai dar Namoro? promete elevar a temperatura dos casais no palco e alguns participantes v\u00e3o se declarar na frente das c\u00e2meras. Ser\u00e1 que vai dar romance ou os meninos v\u00e3o tomar o j\u00e1 famoso &#8220;toco&#8221;?<\/p>\n<p>O Melhor do Brasil, vice-l\u00edder absoluto nas tardes de s\u00e1bado da Record, vai ao ar a partir das 17h.<\/p>\n<p>Cr\u00e9dito para foto: Antonio Chahestian \/ Divulga\u00e7\u00e3o Record<\/p>\n","protected":false},"excerpt":{"rendered":"<p>Em O Melhor do Brasil da Record deste s\u00e1bado (25\/07), a dancarina Mirella Santos participa do quadro Lavando Roupa Suja e abre o jogo sobre sua participa\u00e7\u00e3o no reality show A Fazenda. Durante o papo com Rodrigo Faro, o loira fala de sua amizade com Carlinhos e Dani Souza e declara seu amor pelo marido [&hellip;]<\/p>\n","protected":false},"author":3,"featured_media":0,"comment_status":"open","ping_status":"open","sticky":false,"template":"","format":"standard","meta":{"tdm_status":"","tdm_grid_status":"","footnotes":""},"categories":[22,343],"tags":[],"class_list":{"0":"post-6229","1":"post","2":"type-post","3":"status-publish","4":"format-standard","6":"category-brasil","7":"category-televisao"},"_links":{"self":[{"href":"https:\/\/migracao.redenoticia.com.br\/noticia\/wp-json\/wp\/v2\/posts\/6229","targetHints":{"allow":["GET"]}}],"collection":[{"href":"https:\/\/migracao.redenoticia.com.br\/noticia\/wp-json\/wp\/v2\/posts"}],"about":[{"href":"https:\/\/migracao.redenoticia.com.br\/noticia\/wp-json\/wp\/v2\/types\/post"}],"author":[{"embeddable":true,"href":"https:\/\/migracao.redenoticia.com.br\/noticia\/wp-json\/wp\/v2\/users\/3"}],"replies":[{"embeddable":true,"href":"https:\/\/migracao.redenoticia.com.br\/noticia\/wp-json\/wp\/v2\/comments?post=6229"}],"version-history":[{"count":0,"href":"https:\/\/migracao.redenoticia.com.br\/noticia\/wp-json\/wp\/v2\/posts\/6229\/revisions"}],"wp:attachment":[{"href":"https:\/\/migracao.redenoticia.com.br\/noticia\/wp-json\/wp\/v2\/media?parent=6229"}],"wp:term":[{"taxonomy":"category","embeddable":true,"href":"https:\/\/migracao.redenoticia.com.br\/noticia\/wp-json\/wp\/v2\/categories?post=6229"},{"taxonomy":"post_tag","embeddable":true,"href":"https:\/\/migracao.redenoticia.com.br\/noticia\/wp-json\/wp\/v2\/tags?post=6229"}],"curies":[{"name":"wp","href":"https:\/\/api.w.org\/{rel}","templated":true}]}}