{"id":6256,"date":"2009-07-23T08:33:31","date_gmt":"2009-07-23T12:33:31","guid":{"rendered":"http:\/\/www.redenoticia.com.br\/noticia\/?p=6256"},"modified":"2009-07-23T08:33:31","modified_gmt":"2009-07-23T12:33:31","slug":"previsao-do-tempo-informa-que-sensacao-termica-chegou-de-10-graus-negativos-no-rio-grande-do-sul","status":"publish","type":"post","link":"https:\/\/migracao.redenoticia.com.br\/noticia\/2009\/previsao-do-tempo-informa-que-sensacao-termica-chegou-de-10-graus-negativos-no-rio-grande-do-sul\/6256","title":{"rendered":"Previs\u00e3o do tempo informa que sensa\u00e7\u00e3o t\u00e9rmica chegou de 10 graus negativos no Rio Grande do Sul"},"content":{"rendered":"<p>Previs\u00e3o do tempo informa que sensa\u00e7\u00e3o t\u00e9rmica chegou de 10 graus negativos no Rio Grande do Sul Massa polar mais intensa dos dois \u00faltimos anos no Sul ir\u00e1 provocar m\u00ednimas de at\u00e9 6\u00b0C negativos.As chuvas diminuem e as temperaturas entram em acentuado decl\u00ednio no Sul do Pa\u00eds nesta quinta-feira. Hoje a m\u00ednima chegou a -1,6\u00b0C em Santana do Livramento, no Rio Grande do Sul, na fronteira com o Uruguai. No entanto, por conta dos ventos, a sensa\u00e7\u00e3o t\u00e9rmica chegou a -10\u00b0C. Ao longo do dia a m\u00e1xima n\u00e3o passa dos 10\u00b0C no Rio Grande do Sul, interior de Santa Catarina e centro e sul do Paran\u00e1 e com a previs\u00e3o de rajadas de at\u00e9 70km\/h a sensa\u00e7\u00e3o de frio ser\u00e1 ainda maior. Durante a noite, poder\u00e1 nevar nos pontos mais altos das serras ga\u00facha e catarinense.<br \/>\nSegundo os meteorologistas da Somar, essa massa de ar polar \u00e9 a mais intensa dos dois \u00faltimos anos na Regi\u00e3o Sul e, nos pr\u00f3ximos dias, dever\u00e1 provocar valores semelhantes ao dia 12 de julho de 2007, especialmente no Rio Grande do Sul e em Santa Catarina. Na \u00e9poca, os term\u00f4metros marcaram apenas 0,3\u00b0C em Porto Alegre e m\u00ednimas negativas em v\u00e1rias localidades.<\/p>\n<p>Nesta quinta-feira, a frente fria ainda causa chuvas no norte de Santa Catarina e no leste, centro e norte do Paran\u00e1. No nordeste paranaense o acumulado alcan\u00e7a os 60mm e em Santa Catarina, espera-se algo em torno dos 30mm. No Rio Grande do Sul e nas demais \u00e1reas de Santa Catarina e do Paran\u00e1, o tempo permanece seco.<\/p>\n<p>Amanh\u00e3 praticamente n\u00e3o chove na Regi\u00e3o Sul, apenas no leste e norte do Paran\u00e1 ainda h\u00e1 previs\u00e3o de chuvas fracas. J\u00e1 as temperaturas continuam caindo e a sexta-feira ir\u00e1 amanhecer com geadas amplas no Rio Grande do Sul, Santa Catarina e no sul e sudoeste do Paran\u00e1. A m\u00ednima dever\u00e1 ficar entre -1\u00b0C e -3\u00b0C no interior ga\u00facho, centro e oeste catarinense e extremo sul paraense. Para al\u00edvio dos produtores, n\u00e3o h\u00e1 previs\u00e3o de geadas nas \u00e1reas de caf\u00e9 e cana-de-a\u00e7\u00facar do Paran\u00e1. O frio prossegue ao longo do dia e a m\u00e1xima n\u00e3o passa de 8\u00b0C na Serra Geral e em torno de 10\u00b0C no Rio Grande do Sul, sul e oeste de Santa Catarina e sudoeste do Paran\u00e1.<\/p>\n<p>No s\u00e1bado, o frio chega ao seu \u00e1pice e as m\u00ednimas alcan\u00e7am valores entre -4\u00b0C e -6\u00b0C na Serra Geral (especialmente Santa Catarina), al\u00e9m de parte do Planalto catarinense. As geadas, com temperaturas entre -3\u00b0C e 2\u00b0C, atingem todo o Rio Grande do Sul, centro, oeste e sul de Santa Catarina e o centro, oeste e sul do Paran\u00e1. Mais uma vez, n\u00e3o h\u00e1 previs\u00e3o de geadas nas \u00e1reas de caf\u00e9 e cana-de-a\u00e7\u00facar do norte paranaense. A temperatura m\u00e1xima entra em eleva\u00e7\u00e3o e esperam-se valores entre 11\u00b0C e 19\u00b0C.<\/p>\n<p>No domingo, volta chover de forma mais intensa e o acumulado chega a quase 40mm no litoral do Paran\u00e1. Chuvas mais fracas atingem as demais \u00e1reas paranaenses, o centro e leste de Santa Catarina e o nordeste do Rio Grande do Sul. Ainda faz muito frio, mas de forma mais isolada. Apenas no interior do Rio Grande do Sul, ainda h\u00e1 previs\u00e3o de temperaturas negativas, com m\u00ednima entre -3\u00b0C e -1\u00b0C. J\u00e1 a m\u00e1xima varia entre 8\u00b0C e 19\u00b0C nos tr\u00eas Estados.<\/p>\n","protected":false},"excerpt":{"rendered":"<p>Previs\u00e3o do tempo informa que sensa\u00e7\u00e3o t\u00e9rmica chegou de 10 graus negativos no Rio Grande do Sul Massa polar mais intensa dos dois \u00faltimos anos no Sul ir\u00e1 provocar m\u00ednimas de at\u00e9 6\u00b0C negativos.As chuvas diminuem e as temperaturas entram em acentuado decl\u00ednio no Sul do Pa\u00eds nesta quinta-feira. Hoje a m\u00ednima chegou a -1,6\u00b0C [&hellip;]<\/p>\n","protected":false},"author":3,"featured_media":0,"comment_status":"open","ping_status":"open","sticky":false,"template":"","format":"standard","meta":{"tdm_status":"","tdm_grid_status":"","footnotes":""},"categories":[22],"tags":[],"class_list":{"0":"post-6256","1":"post","2":"type-post","3":"status-publish","4":"format-standard","6":"category-brasil"},"_links":{"self":[{"href":"https:\/\/migracao.redenoticia.com.br\/noticia\/wp-json\/wp\/v2\/posts\/6256","targetHints":{"allow":["GET"]}}],"collection":[{"href":"https:\/\/migracao.redenoticia.com.br\/noticia\/wp-json\/wp\/v2\/posts"}],"about":[{"href":"https:\/\/migracao.redenoticia.com.br\/noticia\/wp-json\/wp\/v2\/types\/post"}],"author":[{"embeddable":true,"href":"https:\/\/migracao.redenoticia.com.br\/noticia\/wp-json\/wp\/v2\/users\/3"}],"replies":[{"embeddable":true,"href":"https:\/\/migracao.redenoticia.com.br\/noticia\/wp-json\/wp\/v2\/comments?post=6256"}],"version-history":[{"count":0,"href":"https:\/\/migracao.redenoticia.com.br\/noticia\/wp-json\/wp\/v2\/posts\/6256\/revisions"}],"wp:attachment":[{"href":"https:\/\/migracao.redenoticia.com.br\/noticia\/wp-json\/wp\/v2\/media?parent=6256"}],"wp:term":[{"taxonomy":"category","embeddable":true,"href":"https:\/\/migracao.redenoticia.com.br\/noticia\/wp-json\/wp\/v2\/categories?post=6256"},{"taxonomy":"post_tag","embeddable":true,"href":"https:\/\/migracao.redenoticia.com.br\/noticia\/wp-json\/wp\/v2\/tags?post=6256"}],"curies":[{"name":"wp","href":"https:\/\/api.w.org\/{rel}","templated":true}]}}