{"id":6257,"date":"2009-07-23T08:37:09","date_gmt":"2009-07-23T12:37:09","guid":{"rendered":"http:\/\/www.redenoticia.com.br\/noticia\/?p=6257"},"modified":"2009-07-23T08:37:09","modified_gmt":"2009-07-23T12:37:09","slug":"previsao-do-tempo-alerta-para-temporais-no-parana-parte-do-sudeste-centro-oeste-e-norte-do-brasil","status":"publish","type":"post","link":"https:\/\/migracao.redenoticia.com.br\/noticia\/2009\/previsao-do-tempo-alerta-para-temporais-no-parana-parte-do-sudeste-centro-oeste-e-norte-do-brasil\/6257","title":{"rendered":"Previs\u00e3o do tempo alerta para temporais no Paran\u00e1, parte do Sudeste, Centro-Oeste e Norte do Brasil"},"content":{"rendered":"<p>Previs\u00e3o do tempo alerta para temporais no Paran\u00e1, parte do Sudeste, Centro-Oeste e Norte do Brasil. Temperatura despenca e n\u00e3o passa dos 10\u00b0C no Rio Grande do Sul e no meio oeste de Santa Catarina. Ao longo desta quinta-feira, a frente fria que avan\u00e7a pelo Brasil provoca temporais em parte do Paran\u00e1, de S\u00e3o Paulo, Minas Gerais, Mato Grosso do Sul, Mato Grosso, Rond\u00f4nia e do Acre. Na maior parte do Sudeste e Centro-Oeste, o dia segue com sol entre nuvens e temperaturas muito elevadas para a \u00e9poca do ano. No Nordeste, \u00e1reas de instabilidade causam chuvas no leste e norte da Regi\u00e3o. Veja a previs\u00e3o detalhada por Regi\u00e3o.<br \/>\nSul<br \/>\nAo longo do dia as chuvas atingem o norte de Santa Catarina e o leste e norte do Paran\u00e1. Segundo os meteorologistas da Somar, ainda h\u00e1 previs\u00e3o de temporais com acumulado de at\u00e9 60mm no noroeste paranaense. Os ventos atingem 70km\/h no Rio Grande do Sul e no Paran\u00e1, j\u00e1 em Santa Catarina s\u00e3o previstas rajadas em torno dos 40km\/h. Al\u00e9m das chuvas, a entrada da mais intensa onda de frio dos \u00faltimos dois anos faz na Regi\u00e3o deixa as temperaturas muito baixas e a m\u00e1xima n\u00e3o passa dos 10\u00b0C em boa parte do Rio Grande do Sul e meio oeste de Santa Catarina.<\/p>\n<p>Sudeste<br \/>\nAt\u00e9 o fim do dia o tempo muda em boa parte de S\u00e3o Paulo e extremo sul de Minas Gerais. O acumulado dever\u00e1 passar dos 60mm em apenas 24 horas no sul paulista. J\u00e1 as rajadas de vento chegam a 70km\/h no centro e oeste do estado de S\u00e3o Paulo. O dia tamb\u00e9m ser\u00e1 frio nessas regi\u00f5es e a m\u00e1xima n\u00e3o passa dos 20\u00b0C. Por outro lado, o tempo permanece seco, ensolarado e bastante quente, com valores superiores a 30\u00b0C no norte de S\u00e3o Paul, no Rio de Janeiro, Esp\u00edrito Santo e centro e norte de Minas Gerais.<\/p>\n<p>Centro-Oeste<br \/>\nPrevis\u00e3o de chuvas generalizada em boa parte de Mato Grosso do Sul e oeste de Mato Grosso, com acumulado entre 30mm e 40mm em algumas localidades dos dois Estados. Nos extremos sul e norte de Mato Grosso do Sul, centro e leste de Mato Grosso, em Goi\u00e1s e no Distrito Federal, o tempo permanece seco, apenas com alguma com nebulosidade. A temperatura n\u00e3o passa dos 20\u00b0C no oeste, centro e sul de Mato Grosso do Sul e por outro lado, atinge 35\u00b0C no leste e norte de Mato Grosso.<\/p>\n<p>Norte<br \/>\nA frente fria chega a Regi\u00e3o e provoca chuvas generalizadas nos Estados de Rond\u00f4nia e Acre, com acumulado de at\u00e9 30mm em 24 horas. Tamb\u00e9m chove de forma mais isolada no oeste do Amazonas, Roraima, centro e norte do Par\u00e1, extremo norte de Tocantins e centro e leste do Amap\u00e1. Por conta do aumento da quantidade de nuvens, a temperatura entra em decl\u00ednio, especialmente no leste de Rond\u00f4nia, n\u00e3o passando dos 22\u00b0C em algumas localidades. Nos demais Estados, o calor prossegue.<\/p>\n<p>Nordeste<br \/>\nMais um dia com chuvas generalizadas desde litoral norte da Bahia at\u00e9 o centro e oeste do Maranh\u00e3o. Na maior parte do interior do Nordeste, o tempo permanece seco, com sol entre nuvens. A m\u00e1xima passa dos 32\u00b0C entre o centro da Bahia, oeste de Pernambuco Piau\u00ed e leste Maranh\u00e3o, mas n\u00e3o alcan\u00e7a os 26\u00b0C entre o leste do Rio Grande do Norte e de Alagoas.<\/p>\n<p>Litoral<br \/>\nO mar permanece agitado com ressacas em boa parte da costa da Regi\u00e3o Sul. Os ventos superam os 40km\/h no litoral de Santa Catarina e as ondas passam dos 2,5m de altura no sul do Rio Grande do Sul.<\/p>\n","protected":false},"excerpt":{"rendered":"<p>Previs\u00e3o do tempo alerta para temporais no Paran\u00e1, parte do Sudeste, Centro-Oeste e Norte do Brasil. Temperatura despenca e n\u00e3o passa dos 10\u00b0C no Rio Grande do Sul e no meio oeste de Santa Catarina. Ao longo desta quinta-feira, a frente fria que avan\u00e7a pelo Brasil provoca temporais em parte do Paran\u00e1, de S\u00e3o Paulo, [&hellip;]<\/p>\n","protected":false},"author":3,"featured_media":0,"comment_status":"open","ping_status":"open","sticky":false,"template":"","format":"standard","meta":{"tdm_status":"","tdm_grid_status":"","footnotes":""},"categories":[22],"tags":[],"class_list":{"0":"post-6257","1":"post","2":"type-post","3":"status-publish","4":"format-standard","6":"category-brasil"},"_links":{"self":[{"href":"https:\/\/migracao.redenoticia.com.br\/noticia\/wp-json\/wp\/v2\/posts\/6257","targetHints":{"allow":["GET"]}}],"collection":[{"href":"https:\/\/migracao.redenoticia.com.br\/noticia\/wp-json\/wp\/v2\/posts"}],"about":[{"href":"https:\/\/migracao.redenoticia.com.br\/noticia\/wp-json\/wp\/v2\/types\/post"}],"author":[{"embeddable":true,"href":"https:\/\/migracao.redenoticia.com.br\/noticia\/wp-json\/wp\/v2\/users\/3"}],"replies":[{"embeddable":true,"href":"https:\/\/migracao.redenoticia.com.br\/noticia\/wp-json\/wp\/v2\/comments?post=6257"}],"version-history":[{"count":0,"href":"https:\/\/migracao.redenoticia.com.br\/noticia\/wp-json\/wp\/v2\/posts\/6257\/revisions"}],"wp:attachment":[{"href":"https:\/\/migracao.redenoticia.com.br\/noticia\/wp-json\/wp\/v2\/media?parent=6257"}],"wp:term":[{"taxonomy":"category","embeddable":true,"href":"https:\/\/migracao.redenoticia.com.br\/noticia\/wp-json\/wp\/v2\/categories?post=6257"},{"taxonomy":"post_tag","embeddable":true,"href":"https:\/\/migracao.redenoticia.com.br\/noticia\/wp-json\/wp\/v2\/tags?post=6257"}],"curies":[{"name":"wp","href":"https:\/\/api.w.org\/{rel}","templated":true}]}}