{"id":6259,"date":"2009-07-23T08:43:21","date_gmt":"2009-07-23T12:43:21","guid":{"rendered":"http:\/\/www.redenoticia.com.br\/noticia\/?p=6259"},"modified":"2009-07-23T08:43:21","modified_gmt":"2009-07-23T12:43:21","slug":"reporter-record-revela-os-segredos-do-maior-porto-da-america-latina","status":"publish","type":"post","link":"https:\/\/migracao.redenoticia.com.br\/noticia\/2009\/reporter-record-revela-os-segredos-do-maior-porto-da-america-latina\/6259","title":{"rendered":"Rep\u00f3rter Record revela os segredos do maior porto da Am\u00e9rica Latina"},"content":{"rendered":"<p>No pr\u00f3ximo domingo (26) o programa jornal\u00edstico da Record especializado em mat\u00e9rias investigativas Rep\u00f3rter Record<strong> <\/strong>mostra o que se esconde por tr\u00e1s do porto de Santos, litoral de S\u00e3o Paulo. Ap\u00f3s semanas de investiga\u00e7\u00e3o, o programa comandado por Roberto Cabrini revela os segredos do cais e conta as hist\u00f3rias dos personagens que povoam as docas do maior porto da Am\u00e9rica Latina.<br \/>\nOs produtores do Rep\u00f3rter Record mostram a fragilidade de um sistema que custou milh\u00f5es de d\u00f3lares aos cofres p\u00fablicos. A equipe de reportagem do programa mostra o entra-e-sai sem controle em uma \u00e1rea de seguran\u00e7a nacional.<br \/>\nDentro dos navios, cargas e trabalhadores desprotegidos. Mesmo com equipamentos sucateados e p\u00e9ssimas condi\u00e7\u00f5es de trabalho, h\u00e1 muita disputa por uma vaga de estivador. No pared\u00e3o, como \u00e9 chamado o processo de sele\u00e7\u00e3o de candidatos, ganha a vaga quem gritar mais alto.<br \/>\nEm volta do porto, o Rep\u00f3rter Record descobre uma rotina de tr\u00e1fico de drogas, explora\u00e7\u00e3o de menores e prostitui\u00e7\u00e3o.<br \/>\nDependentes de crack, garotas de programa &#8211; muitas menores de idade &#8211; fazem qualquer neg\u00f3cio para conseguir a droga. A atra\u00e7\u00e3o mostra que a demarca\u00e7\u00e3o de territ\u00f3rio para atrair os tripulantes dos navios, trabalhadores da regi\u00e3o e turistas quase sempre termina em briga.<br \/>\nOs telespectadores v\u00e3o acompanhar ainda quem \u00e9 a dona de uma esquina da zona portu\u00e1ria, que vende drogas \u00e0 luz do dia, acompanhada pelos filhos.<br \/>\nApresentado por Roberto Cabrini, o Rep\u00f3rter Record exibe um olhar revelador sobre o maior porto da Am\u00e9rica Latina.<\/p>\n<p>O programa vai ao ar neste domingo (26), \u00e0s 20h45, logo ap\u00f3s o Domingo Espetacular.<\/p>\n","protected":false},"excerpt":{"rendered":"<p>No pr\u00f3ximo domingo (26) o programa jornal\u00edstico da Record especializado em mat\u00e9rias investigativas Rep\u00f3rter Record mostra o que se esconde por tr\u00e1s do porto de Santos, litoral de S\u00e3o Paulo. Ap\u00f3s semanas de investiga\u00e7\u00e3o, o programa comandado por Roberto Cabrini revela os segredos do cais e conta as hist\u00f3rias dos personagens que povoam as docas [&hellip;]<\/p>\n","protected":false},"author":3,"featured_media":0,"comment_status":"open","ping_status":"open","sticky":false,"template":"","format":"standard","meta":{"tdm_status":"","tdm_grid_status":"","footnotes":""},"categories":[22],"tags":[],"class_list":{"0":"post-6259","1":"post","2":"type-post","3":"status-publish","4":"format-standard","6":"category-brasil"},"_links":{"self":[{"href":"https:\/\/migracao.redenoticia.com.br\/noticia\/wp-json\/wp\/v2\/posts\/6259","targetHints":{"allow":["GET"]}}],"collection":[{"href":"https:\/\/migracao.redenoticia.com.br\/noticia\/wp-json\/wp\/v2\/posts"}],"about":[{"href":"https:\/\/migracao.redenoticia.com.br\/noticia\/wp-json\/wp\/v2\/types\/post"}],"author":[{"embeddable":true,"href":"https:\/\/migracao.redenoticia.com.br\/noticia\/wp-json\/wp\/v2\/users\/3"}],"replies":[{"embeddable":true,"href":"https:\/\/migracao.redenoticia.com.br\/noticia\/wp-json\/wp\/v2\/comments?post=6259"}],"version-history":[{"count":0,"href":"https:\/\/migracao.redenoticia.com.br\/noticia\/wp-json\/wp\/v2\/posts\/6259\/revisions"}],"wp:attachment":[{"href":"https:\/\/migracao.redenoticia.com.br\/noticia\/wp-json\/wp\/v2\/media?parent=6259"}],"wp:term":[{"taxonomy":"category","embeddable":true,"href":"https:\/\/migracao.redenoticia.com.br\/noticia\/wp-json\/wp\/v2\/categories?post=6259"},{"taxonomy":"post_tag","embeddable":true,"href":"https:\/\/migracao.redenoticia.com.br\/noticia\/wp-json\/wp\/v2\/tags?post=6259"}],"curies":[{"name":"wp","href":"https:\/\/api.w.org\/{rel}","templated":true}]}}