{"id":6264,"date":"2009-07-23T09:03:36","date_gmt":"2009-07-23T13:03:36","guid":{"rendered":"http:\/\/www.redenoticia.com.br\/noticia\/?p=6264"},"modified":"2009-07-23T09:03:36","modified_gmt":"2009-07-23T13:03:36","slug":"divulgada-lista-de-classificacao-geral-do-2%c2%ba-vestibulinho-etec","status":"publish","type":"post","link":"https:\/\/migracao.redenoticia.com.br\/noticia\/2009\/divulgada-lista-de-classificacao-geral-do-2%c2%ba-vestibulinho-etec\/6264","title":{"rendered":"Divulgada lista de classifica\u00e7\u00e3o geral do 2\u00ba Vestibulinho Etec"},"content":{"rendered":"<p>J\u00e1 est\u00e1 no site www.vestibulinhoetec.com.br a lista de classifica\u00e7\u00e3o geral dos candidatos que participaram do 2\u00ba Vestibulinho para o 2\u00ba semestre de 2009 em S\u00e3o Paulo. A informa\u00e7\u00e3o ser\u00e1 divulgada tamb\u00e9m na unidade escolar em que o candidato pretende estudar.<br \/>\nEsse processo seletivo ofereceu vagas para cursos t\u00e9cnicos para 74 escolas da Secretaria Estadual de Educa\u00e7\u00e3o, dez Centros Educacionais Unificados (CEUs) da Capital, e para 11 unidades do Centro Paula Souza.<\/p>\n<p>Os convocados devem fazer a matr\u00edcula, no hor\u00e1rio definido pela unidade de ensino, nos seguintes dias:<\/p>\n<p>27 e 28\/julho &#8211; 1\u00aa lista de convoca\u00e7\u00e3o e matr\u00edcula<\/p>\n<p>29\/julho &#8211; 2\u00aa lista de convoca\u00e7\u00e3o e matr\u00edcula<\/p>\n<p>30\/julho &#8211; 3\u00aa lista de convoca\u00e7\u00e3o e matr\u00edcula<\/p>\n<p>31\/julho &#8211; 4\u00aa lista de convoca\u00e7\u00e3o e matr\u00edcula<\/p>\n<p>Documentos para Matr\u00edcula<\/p>\n<p>Para efetivar a matr\u00edcula, o candidato dever\u00e1 apresentar: requerimento de matr\u00edcula &#8212; fornecido pela unidade escolar &#8211;, preenchido e assinado. Se o candidato tiver menos de 16 anos, no momento da matr\u00edcula, caber\u00e1 a seu respons\u00e1vel legal assinar o documento; c\u00f3pia simples com apresenta\u00e7\u00e3o do original da C\u00e9dula de Identidade (RG); c\u00f3pia simples com apresenta\u00e7\u00e3o do original do Hist\u00f3rico Escolar com Certificado de Conclus\u00e3o do Ensino M\u00e9dio; ou documento original da Declara\u00e7\u00e3o de Conclus\u00e3o do Ensino M\u00e9dio, firmada pela dire\u00e7\u00e3o da escola de origem, contendo a data em que o certificado e o hist\u00f3rico ser\u00e3o emitidos; ou documento original da declara\u00e7\u00e3o que o candidato est\u00e1 matriculado a partir da 2\u00aa s\u00e9rie do Ensino M\u00e9dio; quatro fotos 3&#215;4 recentes e iguais.<\/p>\n<p>Quem fizer o Ensino de Educa\u00e7\u00e3o de Jovens e Adultos &#8211; EJA (supletivo), dever\u00e1 levar c\u00f3pia simples com apresenta\u00e7\u00e3o do original do hist\u00f3rico escolar, com certificado de conclus\u00e3o do Ensino M\u00e9dio-EJA; ou documento original da declara\u00e7\u00e3o conclus\u00e3o do Ensino M\u00e9dio-EJA, firmada pela dire\u00e7\u00e3o da escola de origem, contendo a data em que o certificado e o hist\u00f3rico ser\u00e3o emitidos; ou documento original da declara\u00e7\u00e3o que est\u00e1 matriculado a partir do 2\u00ba semestre do Ensino M\u00e9dio-EJA; ou c\u00f3pia simples com apresenta\u00e7\u00e3o do original de, no m\u00ednimo, quatro certificados de elimina\u00e7\u00e3o de disciplina ou dois certificados de aprova\u00e7\u00e3o em \u00e1reas de estudos.<\/p>\n<p>O candidato que ingressou no Sistema de Pontua\u00e7\u00e3o Acrescida pelo item escolaridade p\u00fablica, se convocado para matr\u00edcula, dever\u00e1, obrigatoriamente, levar a c\u00f3pia simples com apresenta\u00e7\u00e3o do original da declara\u00e7\u00e3o escolar ou do hist\u00f3rico escolar, contendo o detalhamento das s\u00e9ries cursadas e o nome da escola, para comprovar que cursou integralmente da 5\u00aa a 8\u00aa s\u00e9rie ou do 6\u00ba ao 9\u00ba ano do Ensino Fundamental em institui\u00e7\u00f5es p\u00fablicas.<\/p>\n<p>Outras informa\u00e7\u00f5es pelos telefones (11) 3471-4071 (Capital e Grande S\u00e3o Paulo) e 0800-772 2829 (demais localidades) e pelo site www.vestibulinhoetec.com.br<\/p>\n<p>Sobre o Centro Paula Souza &#8212; Autarquia do Governo do Estado de S\u00e3o Paulo ligada \u00e0 Secretaria de Desenvolvimento, o Centro Paula Souza administra Escolas T\u00e9cnicas (Etecs) e Faculdades de Tecnologia (Fatecs) estaduais em mais de 160 cidades paulistas. As Etecs atendem mais de 140 mil estudantes, no Ensino M\u00e9dio e no Ensino T\u00e9cnico, para os setores Industrial, Agropecu\u00e1rio e de Servi\u00e7os. Nas Fatecs, cerca de 32 mil alunos est\u00e3o matriculados nos cursos de gradua\u00e7\u00e3o em Tecnologia.<\/p>\n","protected":false},"excerpt":{"rendered":"<p>J\u00e1 est\u00e1 no site www.vestibulinhoetec.com.br a lista de classifica\u00e7\u00e3o geral dos candidatos que participaram do 2\u00ba Vestibulinho para o 2\u00ba semestre de 2009 em S\u00e3o Paulo. A informa\u00e7\u00e3o ser\u00e1 divulgada tamb\u00e9m na unidade escolar em que o candidato pretende estudar. Esse processo seletivo ofereceu vagas para cursos t\u00e9cnicos para 74 escolas da Secretaria Estadual de [&hellip;]<\/p>\n","protected":false},"author":3,"featured_media":0,"comment_status":"open","ping_status":"open","sticky":false,"template":"","format":"standard","meta":{"tdm_status":"","tdm_grid_status":"","footnotes":""},"categories":[22],"tags":[],"class_list":{"0":"post-6264","1":"post","2":"type-post","3":"status-publish","4":"format-standard","6":"category-brasil"},"_links":{"self":[{"href":"https:\/\/migracao.redenoticia.com.br\/noticia\/wp-json\/wp\/v2\/posts\/6264","targetHints":{"allow":["GET"]}}],"collection":[{"href":"https:\/\/migracao.redenoticia.com.br\/noticia\/wp-json\/wp\/v2\/posts"}],"about":[{"href":"https:\/\/migracao.redenoticia.com.br\/noticia\/wp-json\/wp\/v2\/types\/post"}],"author":[{"embeddable":true,"href":"https:\/\/migracao.redenoticia.com.br\/noticia\/wp-json\/wp\/v2\/users\/3"}],"replies":[{"embeddable":true,"href":"https:\/\/migracao.redenoticia.com.br\/noticia\/wp-json\/wp\/v2\/comments?post=6264"}],"version-history":[{"count":0,"href":"https:\/\/migracao.redenoticia.com.br\/noticia\/wp-json\/wp\/v2\/posts\/6264\/revisions"}],"wp:attachment":[{"href":"https:\/\/migracao.redenoticia.com.br\/noticia\/wp-json\/wp\/v2\/media?parent=6264"}],"wp:term":[{"taxonomy":"category","embeddable":true,"href":"https:\/\/migracao.redenoticia.com.br\/noticia\/wp-json\/wp\/v2\/categories?post=6264"},{"taxonomy":"post_tag","embeddable":true,"href":"https:\/\/migracao.redenoticia.com.br\/noticia\/wp-json\/wp\/v2\/tags?post=6264"}],"curies":[{"name":"wp","href":"https:\/\/api.w.org\/{rel}","templated":true}]}}