{"id":6266,"date":"2009-07-23T09:14:16","date_gmt":"2009-07-23T13:14:16","guid":{"rendered":"http:\/\/www.redenoticia.com.br\/noticia\/?p=6266"},"modified":"2009-07-23T09:14:16","modified_gmt":"2009-07-23T13:14:16","slug":"ministerio-das-cidades-inicia-preparacao-para-a-copa-do-mundo-de-futebol-de-2014","status":"publish","type":"post","link":"https:\/\/migracao.redenoticia.com.br\/noticia\/2009\/ministerio-das-cidades-inicia-preparacao-para-a-copa-do-mundo-de-futebol-de-2014\/6266","title":{"rendered":"Minist\u00e9rio das Cidades  inicia prepara\u00e7\u00e3o para a Copa do Mundo de Futebol de 2014"},"content":{"rendered":"<p><span style=\"font-size: 11pt; font-family: Arial;\">Ap\u00f3s a defini\u00e7\u00e3o das 12 cidades sede, em maio, o governo brasileiro iniciou a prepara\u00e7\u00e3o para a Copa do Mundo de Futebol de 2014. As cidades escolhidas foram: Belo Horizonte (MG), Bras\u00edlia (DF), Cuiab\u00e1 (MT), Curitiba (PA), Fortaleza (CE), Manaus (AM), Natal (RN), Porto Alegre (RS), Recife (PE), Rio de Janeiro (RJ), Salvador (BA) e S\u00e3o Paulo (SP). <\/span><\/p>\n<p><span style=\"font-size: 11pt; font-family: Arial;\">O Governo ir\u00e1 constituir um Comit\u00ea Gestor das A\u00e7\u00f5es do Governo Federal para a Copa de 2014. Este comit\u00ea reunir\u00e1 16 minist\u00e9rios e vai interagir com os comit\u00eas locais para definir os investimentos e as alternativas de cr\u00e9dito, al\u00e9m de cuidar de programas de aloca\u00e7\u00e3o de recursos e infraestrutura. <\/span><\/p>\n<p><span style=\"font-size: 11pt; font-family: Arial;\">Um dos temas a ser discutido ser\u00e1 as alternativas de parcerias com o setor privado na gest\u00e3o e constru\u00e7\u00e3o dos est\u00e1dios. Este comit\u00ea tamb\u00e9m ser\u00e1 respons\u00e1vel pela fiscaliza\u00e7\u00e3o do andamento das obras para a Copa de 2014, pela seguran\u00e7a e transpar\u00eancia das a\u00e7\u00f5es do governo.<\/span><\/p>\n","protected":false},"excerpt":{"rendered":"<p>Ap\u00f3s a defini\u00e7\u00e3o das 12 cidades sede, em maio, o governo brasileiro iniciou a prepara\u00e7\u00e3o para a Copa do Mundo de Futebol de 2014. As cidades escolhidas foram: Belo Horizonte (MG), Bras\u00edlia (DF), Cuiab\u00e1 (MT), Curitiba (PA), Fortaleza (CE), Manaus (AM), Natal (RN), Porto Alegre (RS), Recife (PE), Rio de Janeiro (RJ), Salvador (BA) e [&hellip;]<\/p>\n","protected":false},"author":3,"featured_media":0,"comment_status":"open","ping_status":"open","sticky":false,"template":"","format":"standard","meta":{"tdm_status":"","tdm_grid_status":"","footnotes":""},"categories":[22],"tags":[],"class_list":{"0":"post-6266","1":"post","2":"type-post","3":"status-publish","4":"format-standard","6":"category-brasil"},"_links":{"self":[{"href":"https:\/\/migracao.redenoticia.com.br\/noticia\/wp-json\/wp\/v2\/posts\/6266","targetHints":{"allow":["GET"]}}],"collection":[{"href":"https:\/\/migracao.redenoticia.com.br\/noticia\/wp-json\/wp\/v2\/posts"}],"about":[{"href":"https:\/\/migracao.redenoticia.com.br\/noticia\/wp-json\/wp\/v2\/types\/post"}],"author":[{"embeddable":true,"href":"https:\/\/migracao.redenoticia.com.br\/noticia\/wp-json\/wp\/v2\/users\/3"}],"replies":[{"embeddable":true,"href":"https:\/\/migracao.redenoticia.com.br\/noticia\/wp-json\/wp\/v2\/comments?post=6266"}],"version-history":[{"count":0,"href":"https:\/\/migracao.redenoticia.com.br\/noticia\/wp-json\/wp\/v2\/posts\/6266\/revisions"}],"wp:attachment":[{"href":"https:\/\/migracao.redenoticia.com.br\/noticia\/wp-json\/wp\/v2\/media?parent=6266"}],"wp:term":[{"taxonomy":"category","embeddable":true,"href":"https:\/\/migracao.redenoticia.com.br\/noticia\/wp-json\/wp\/v2\/categories?post=6266"},{"taxonomy":"post_tag","embeddable":true,"href":"https:\/\/migracao.redenoticia.com.br\/noticia\/wp-json\/wp\/v2\/tags?post=6266"}],"curies":[{"name":"wp","href":"https:\/\/api.w.org\/{rel}","templated":true}]}}