{"id":6269,"date":"2009-07-23T09:54:39","date_gmt":"2009-07-23T13:54:39","guid":{"rendered":"http:\/\/www.redenoticia.com.br\/noticia\/?p=6269"},"modified":"2009-07-23T09:54:39","modified_gmt":"2009-07-23T13:54:39","slug":"previsao-de-tempo-informa-que-frio-intenso-aumenta-preocupacao-com-gripe-suina-a-h1n1","status":"publish","type":"post","link":"https:\/\/migracao.redenoticia.com.br\/noticia\/2009\/previsao-de-tempo-informa-que-frio-intenso-aumenta-preocupacao-com-gripe-suina-a-h1n1\/6269","title":{"rendered":"Previs\u00e3o de tempo informa que frio intenso aumenta preocupa\u00e7\u00e3o com gripe su\u00edna A (H1N1)"},"content":{"rendered":"<p>Massa de ar polar \u00e9 a mais intensa dos dois \u00faltimos anos no Sul do Pa\u00eds. A previs\u00e3o para os pr\u00f3ximos dias \u00e9 de temperaturas muitos baixas, especialmente no Sul do Pa\u00eds, onde as m\u00ednimas ficam abaixo de zero. Por conta do frio intenso, aumenta a preocupa\u00e7\u00e3o das autoridades de sa\u00fade com rela\u00e7\u00e3o a gripe su\u00edna &#8211; como \u00e9 chamada a gripe A (H1N1), j\u00e1 que as pessoas acabam procurando locais fechados, o que aumenta o risco de contamina\u00e7\u00e3o.<\/p>\n<p>Segundo os meteorologistas da Somar, essa massa de ar polar \u00e9 a mais intensa dos dois \u00faltimos anos na Regi\u00e3o Sul e, nos pr\u00f3ximos dias, dever\u00e1 provocar temperaturas de at\u00e9 6 graus negativos na Serra Geral (especialmente Santa Catarina), al\u00e9m de parte do Planalto catarinense. A cidade ga\u00facha de Uruguaiana, na fronteira oeste com a Argentina, que nesta semana decretou estado de emerg\u00eancia por conta das contamina\u00e7\u00f5es da gripe A, tamb\u00e9m ir\u00e1 registrar temperaturas negativas e forma\u00e7\u00e3o de geadas.<\/p>\n<p>A gripe su\u00edna \u00e9 uma doen\u00e7a respirat\u00f3ria aguda, causada pelo v\u00edrus A (H1N1). Este novo subtipo do v\u00edrus da influenza \u00e9 transmitido de pessoa a pessoa principalmente por meio da tosse ou espirro e de contato com secre\u00e7\u00f5es respirat\u00f3rias de pessoas infectadas. &#8220;Por isso, as pessoas devem evitar locais fechados e com aglomera\u00e7\u00e3o&#8221;, recomenda David Uip, infectologista e diretor do Hospital Em\u00edlio Ribas, em S\u00e3o Paulo.<\/p>\n<p>Para evitar a doen\u00e7a, alguns cuidados b\u00e1sicos de higiene podem ser tomados, como: lavar bem as m\u00e3os com \u00e1gua e sab\u00e3o. &#8220;Tamb\u00e9m \u00e9 importante cobrir a boca e o nariz com len\u00e7o descart\u00e1vel ao tossir ou espirrar, e ter aten\u00e7\u00e3o redobrada em ambientes p\u00fablicos, como metr\u00f4, por exemplo&#8221;, afirma Uip. Al\u00e9m disso, as pessoas n\u00e3o devem compartilhar copos, pratos e talheres.<\/p>\n","protected":false},"excerpt":{"rendered":"<p>Massa de ar polar \u00e9 a mais intensa dos dois \u00faltimos anos no Sul do Pa\u00eds. A previs\u00e3o para os pr\u00f3ximos dias \u00e9 de temperaturas muitos baixas, especialmente no Sul do Pa\u00eds, onde as m\u00ednimas ficam abaixo de zero. Por conta do frio intenso, aumenta a preocupa\u00e7\u00e3o das autoridades de sa\u00fade com rela\u00e7\u00e3o a gripe [&hellip;]<\/p>\n","protected":false},"author":3,"featured_media":0,"comment_status":"open","ping_status":"open","sticky":false,"template":"","format":"standard","meta":{"tdm_status":"","tdm_grid_status":"","footnotes":""},"categories":[22,5],"tags":[],"class_list":{"0":"post-6269","1":"post","2":"type-post","3":"status-publish","4":"format-standard","6":"category-brasil","7":"category-saude-e-vida"},"_links":{"self":[{"href":"https:\/\/migracao.redenoticia.com.br\/noticia\/wp-json\/wp\/v2\/posts\/6269","targetHints":{"allow":["GET"]}}],"collection":[{"href":"https:\/\/migracao.redenoticia.com.br\/noticia\/wp-json\/wp\/v2\/posts"}],"about":[{"href":"https:\/\/migracao.redenoticia.com.br\/noticia\/wp-json\/wp\/v2\/types\/post"}],"author":[{"embeddable":true,"href":"https:\/\/migracao.redenoticia.com.br\/noticia\/wp-json\/wp\/v2\/users\/3"}],"replies":[{"embeddable":true,"href":"https:\/\/migracao.redenoticia.com.br\/noticia\/wp-json\/wp\/v2\/comments?post=6269"}],"version-history":[{"count":0,"href":"https:\/\/migracao.redenoticia.com.br\/noticia\/wp-json\/wp\/v2\/posts\/6269\/revisions"}],"wp:attachment":[{"href":"https:\/\/migracao.redenoticia.com.br\/noticia\/wp-json\/wp\/v2\/media?parent=6269"}],"wp:term":[{"taxonomy":"category","embeddable":true,"href":"https:\/\/migracao.redenoticia.com.br\/noticia\/wp-json\/wp\/v2\/categories?post=6269"},{"taxonomy":"post_tag","embeddable":true,"href":"https:\/\/migracao.redenoticia.com.br\/noticia\/wp-json\/wp\/v2\/tags?post=6269"}],"curies":[{"name":"wp","href":"https:\/\/api.w.org\/{rel}","templated":true}]}}