{"id":627,"date":"2009-04-16T19:34:54","date_gmt":"2009-04-16T23:34:54","guid":{"rendered":"http:\/\/www.redenoticia.com.br\/noticia\/2009\/04\/criao-do-vale-cultura\/"},"modified":"2009-04-16T19:44:44","modified_gmt":"2009-04-16T23:44:44","slug":"criao-do-vale-cultura","status":"publish","type":"post","link":"https:\/\/migracao.redenoticia.com.br\/noticia\/2009\/criao-do-vale-cultura\/627","title":{"rendered":"Cria\u00e7\u00e3o do vale-cultura"},"content":{"rendered":"<p><img decoding=\"async\" style=\"border-top-width: 0px; display: inline; border-left-width: 0px; border-bottom-width: 0px; margin: 0px 20px 0px 0px; border-right-width: 0px\" title=\"Bras\u00edlia - O ministro Juca Ferreira fala a emissoras de r\u00e1dio sobre mudan\u00e7as na Lei Rouanet, de incentivo \u00e0 cultura, e o Programa Mais Cultura\" src=\"http:\/\/stream.agenciabrasil.gov.br\/media\/imagens\/2009\/04\/16\/830ANT_7512.image_materia_vertical.jpg\" border=\"0\" alt=\"Bras\u00edlia - O ministro Juca Ferreira fala a emissoras de r\u00e1dio sobre mudan\u00e7as na Lei Rouanet, de incentivo \u00e0 cultura, e o Programa Mais Cultura\" align=\"left\" \/> O ministro da Cultura, Juca Ferreira, afirmou hoje (16) que diversos segmentos da sociedade se posicionaram de maneira &#8220;absolutamente favor\u00e1vel\u201d sobre a cria\u00e7\u00e3o do vale-cultura.<br \/>\nSegundo ele, algumas centrais sindicais est\u00e3o dispostas a incluir o benef\u00edcio nos acordos coletivos e federa\u00e7\u00f5es da ind\u00fastria demonstram \u201csimpatia\u201d pela proposta.<br \/>\nO b\u00f4nus no valor de R$ 50 ser\u00e1 fornecido mensalmente. Desse total, 20% ser\u00e3o pagos pelo trabalhador (R$ 10) e o restante ser\u00e1 dividido entre a empresa e o governo por meio de um sistema de dedu\u00e7\u00e3o semelhante ao do vale-refei\u00e7\u00e3o.<br \/>\nO benef\u00edcio poder\u00e1 ser usado para pagar a entrada de espet\u00e1culos culturais, de cinema e na compra de produtos como livros CDs. A estimativa \u00e9 que mais de 12 milh\u00f5es de trabalhadores de trabalhadores.<br \/>\n&#8220;\u00c9 um est\u00edmulo ao consumo cultural e \u00e0 inclus\u00e3o cultural. Os n\u00fameros da cultura no Brasil s\u00e3o muito ruins. S\u00f3 17% dos brasileiros compram livros, 5% deles, alguma vez na vida, entraram em um museu. N\u00e3o chega a 20% o \u00edndice dos que v\u00e3o a espet\u00e1culos de dan\u00e7a ou teatro e s\u00f3 13% freq\u00fcentam cinemas\u201d, disse Juca Ferreira, ao participar de entrevista a emissoras de r\u00e1dio no programa <em>Bom Dia, Ministro<\/em>.<\/p>\n<p>Paula Laboissi\u00e8re<br \/>\n<em>Rep\u00f3rter da Ag\u00eancia Brasil<\/em><\/p>\n<p>Foto Antonio Cruz\/ABr<\/p>\n","protected":false},"excerpt":{"rendered":"<p>O ministro da Cultura, Juca Ferreira, afirmou hoje (16) que diversos segmentos da sociedade se posicionaram de maneira &#8220;absolutamente favor\u00e1vel\u201d sobre a cria\u00e7\u00e3o do vale-cultura. Segundo ele, algumas centrais sindicais est\u00e3o dispostas a incluir o benef\u00edcio nos acordos coletivos e federa\u00e7\u00f5es da ind\u00fastria demonstram \u201csimpatia\u201d pela proposta. O b\u00f4nus no valor de R$ 50 ser\u00e1 [&hellip;]<\/p>\n","protected":false},"author":2,"featured_media":0,"comment_status":"open","ping_status":"open","sticky":false,"template":"","format":"standard","meta":{"tdm_status":"","tdm_grid_status":"","footnotes":""},"categories":[22],"tags":[],"class_list":{"0":"post-627","1":"post","2":"type-post","3":"status-publish","4":"format-standard","6":"category-brasil"},"_links":{"self":[{"href":"https:\/\/migracao.redenoticia.com.br\/noticia\/wp-json\/wp\/v2\/posts\/627","targetHints":{"allow":["GET"]}}],"collection":[{"href":"https:\/\/migracao.redenoticia.com.br\/noticia\/wp-json\/wp\/v2\/posts"}],"about":[{"href":"https:\/\/migracao.redenoticia.com.br\/noticia\/wp-json\/wp\/v2\/types\/post"}],"author":[{"embeddable":true,"href":"https:\/\/migracao.redenoticia.com.br\/noticia\/wp-json\/wp\/v2\/users\/2"}],"replies":[{"embeddable":true,"href":"https:\/\/migracao.redenoticia.com.br\/noticia\/wp-json\/wp\/v2\/comments?post=627"}],"version-history":[{"count":0,"href":"https:\/\/migracao.redenoticia.com.br\/noticia\/wp-json\/wp\/v2\/posts\/627\/revisions"}],"wp:attachment":[{"href":"https:\/\/migracao.redenoticia.com.br\/noticia\/wp-json\/wp\/v2\/media?parent=627"}],"wp:term":[{"taxonomy":"category","embeddable":true,"href":"https:\/\/migracao.redenoticia.com.br\/noticia\/wp-json\/wp\/v2\/categories?post=627"},{"taxonomy":"post_tag","embeddable":true,"href":"https:\/\/migracao.redenoticia.com.br\/noticia\/wp-json\/wp\/v2\/tags?post=627"}],"curies":[{"name":"wp","href":"https:\/\/api.w.org\/{rel}","templated":true}]}}