{"id":6274,"date":"2009-07-23T10:05:27","date_gmt":"2009-07-23T14:05:27","guid":{"rendered":"http:\/\/www.redenoticia.com.br\/noticia\/?p=6274"},"modified":"2009-07-23T10:05:27","modified_gmt":"2009-07-23T14:05:27","slug":"previsao-do-tempo-informa-que-frente-fria-ja-provoca-chuva-forte-no-sul-de-sao-paulo","status":"publish","type":"post","link":"https:\/\/migracao.redenoticia.com.br\/noticia\/2009\/previsao-do-tempo-informa-que-frente-fria-ja-provoca-chuva-forte-no-sul-de-sao-paulo\/6274","title":{"rendered":"Previs\u00e3o do tempo informa que frente fria j\u00e1 provoca chuva forte no sul de S\u00e3o Paulo"},"content":{"rendered":"<p>Na Capital, chuva dever\u00e1 atrapalhar o tr\u00e2nsito no final do dia (23\/07). A frente fria que avan\u00e7a em dire\u00e7\u00e3o ao Sudeste do Pa\u00eds j\u00e1 provoca chuvas fortes nesta manh\u00e3 de quinta-feira no sul do Estado de S\u00e3o Paulo. Aos poucos, o sistema chega \u00e0 Capital, inclusive com possibilidade de chuva forte durante \u00e0 tarde, complicando a vida do motorista na volta pra casa.<br \/>\nAl\u00e9m das chuvas, as temperaturas tamb\u00e9m entram em decl\u00ednio e hoje a m\u00e1xima n\u00e3o passa dos 20\u00b0C no sul e oeste paulista. Na Capital, o frio tamb\u00e9m come\u00e7a a chegar, ap\u00f3s registrar a maior temperatura do inverno ontem (22), com m\u00e1xima de 27,4\u00b0C. Nesta quinta-feira, os term\u00f4metros n\u00e3o dever\u00e3o passar dos 23\u00b0C.<\/p>\n<p>Segundo os meteorologistas da Somar, o sistema frontal mant\u00e9m o tempo nublado e chuvoso ao longo do final da semana, al\u00e9m de causar decl\u00ednio das temperaturas. As m\u00ednimas chegam aos 9\u00b0C, enquanto que as m\u00e1ximas permanecem abaixo dos 21\u00b0C.<\/p>\n","protected":false},"excerpt":{"rendered":"<p>Na Capital, chuva dever\u00e1 atrapalhar o tr\u00e2nsito no final do dia (23\/07). A frente fria que avan\u00e7a em dire\u00e7\u00e3o ao Sudeste do Pa\u00eds j\u00e1 provoca chuvas fortes nesta manh\u00e3 de quinta-feira no sul do Estado de S\u00e3o Paulo. Aos poucos, o sistema chega \u00e0 Capital, inclusive com possibilidade de chuva forte durante \u00e0 tarde, complicando [&hellip;]<\/p>\n","protected":false},"author":3,"featured_media":0,"comment_status":"open","ping_status":"open","sticky":false,"template":"","format":"standard","meta":{"tdm_status":"","tdm_grid_status":"","footnotes":""},"categories":[22],"tags":[],"class_list":{"0":"post-6274","1":"post","2":"type-post","3":"status-publish","4":"format-standard","6":"category-brasil"},"_links":{"self":[{"href":"https:\/\/migracao.redenoticia.com.br\/noticia\/wp-json\/wp\/v2\/posts\/6274","targetHints":{"allow":["GET"]}}],"collection":[{"href":"https:\/\/migracao.redenoticia.com.br\/noticia\/wp-json\/wp\/v2\/posts"}],"about":[{"href":"https:\/\/migracao.redenoticia.com.br\/noticia\/wp-json\/wp\/v2\/types\/post"}],"author":[{"embeddable":true,"href":"https:\/\/migracao.redenoticia.com.br\/noticia\/wp-json\/wp\/v2\/users\/3"}],"replies":[{"embeddable":true,"href":"https:\/\/migracao.redenoticia.com.br\/noticia\/wp-json\/wp\/v2\/comments?post=6274"}],"version-history":[{"count":0,"href":"https:\/\/migracao.redenoticia.com.br\/noticia\/wp-json\/wp\/v2\/posts\/6274\/revisions"}],"wp:attachment":[{"href":"https:\/\/migracao.redenoticia.com.br\/noticia\/wp-json\/wp\/v2\/media?parent=6274"}],"wp:term":[{"taxonomy":"category","embeddable":true,"href":"https:\/\/migracao.redenoticia.com.br\/noticia\/wp-json\/wp\/v2\/categories?post=6274"},{"taxonomy":"post_tag","embeddable":true,"href":"https:\/\/migracao.redenoticia.com.br\/noticia\/wp-json\/wp\/v2\/tags?post=6274"}],"curies":[{"name":"wp","href":"https:\/\/api.w.org\/{rel}","templated":true}]}}