{"id":6276,"date":"2009-07-23T10:15:21","date_gmt":"2009-07-23T14:15:21","guid":{"rendered":"http:\/\/www.redenoticia.com.br\/noticia\/?p=6276"},"modified":"2009-07-23T10:15:21","modified_gmt":"2009-07-23T14:15:21","slug":"9%c2%aa-edicao-do-fip-confirma-sucesso-de-publico","status":"publish","type":"post","link":"https:\/\/migracao.redenoticia.com.br\/noticia\/2009\/9%c2%aa-edicao-do-fip-confirma-sucesso-de-publico\/6276","title":{"rendered":"9\u00aa edi\u00e7\u00e3o do FIP confirma sucesso de p\u00fablico"},"content":{"rendered":"<p>O evento encerra nesse final de semana com show de Oswaldo Montenegro<\/p>\n<p><strong> <\/strong>O charme da vila inglesa, que conta at\u00e9 com um fog ao estilo londrino, tem sido um dos ingredientes que vem atraindo um grande p\u00fablico para o Festival de Inverno de Paranapiacaba (FIP), em sua nona edi\u00e7\u00e3o. No segundo final de semana do evento (dias 18 e 19) cerca de 25 mil pessoas circularam pela Vila participando de shows, pe\u00e7as teatrais e outras apresenta\u00e7\u00f5es art\u00edsticas.<\/p>\n<p>No pr\u00f3ximo s\u00e1bado (25) e domingo, o p\u00fablico poder\u00e1 conferir mais alguns dos grandes nomes da M\u00fasica Popular Brasileira. No s\u00e1bado, no Espa\u00e7o Viradouro, se apresentar\u00e3o o cantor e compositor Vander Lee, um dos novos talentos de Minas Gerais, \u00e0s 15h, e V\u00e2nia Abreu, \u00e0s 18h. No domingo, no encerramento do evento, o cantor Oswaldo Montenegro far\u00e1 o show \u201cQuebra Cabe\u00e7a El\u00e9trico\u201d, \u00e0s 18h, tamb\u00e9m no Viradouro. Antes, \u00e0s 15h, a Orquestra Sinf\u00f4nica de Santo Andr\u00e9 apresentar\u00e1 seu concerto no mesmo local.<\/p>\n<p>Abrindo a programa\u00e7\u00e3o no s\u00e1bado, o cantor Daniel Gonzaga far\u00e1 um show \u00e0s 13h no Clube Uni\u00e3o Lyra Serrano. No mesmo hor\u00e1rio a Companhia \u00bd Trupe estar\u00e1 no Largo dos Padeiros, voltando a se apresentar \u00e0s 16h. O grupo Conversa Mole Choro ser\u00e1 a atra\u00e7\u00e3o do palco do Mercado \u00e0s 14h. Ao mesmo tempo o Espa\u00e7o Crian\u00e7a exibir\u00e1 a pe\u00e7a O Vov\u00f4. \u00c0s 16h ser\u00e1 a vez da pe\u00e7a O Pote Vazio no Clube Uni\u00e3o Lyra Serrano. Ainda \u00e0s 16h o p\u00fablico infantil poder\u00e1 conferir o espet\u00e1culo Casamento caipira de Sim\u00e3o e Marieta. E o m\u00fasico Mozar ser\u00e1 a atra\u00e7\u00e3o do palco do Mercado, \u00e0s 17h. Encerrando o s\u00e1bado ser\u00e1 encenada a pe\u00e7a O casamento do al\u00e9m, sobre a quest\u00e3o da vida e da morte, \u00e0s 19h, no Castelinho.<\/p>\n<p>No domingo ao meio-dia est\u00e1 prevista a apresenta\u00e7\u00e3o do Recital Vozes no Tempo, no palco do Mercado. O cantor Elder Costa far\u00e1 show no Clube Uni\u00e3o Lyra Serrano \u00e0s 13h. No mesmo hor\u00e1rio acontecer\u00e1 a Ciranda Violeira, no Largo dos Padeiros, e a pe\u00e7a Figurinha Carimbada, no Espa\u00e7o Crian\u00e7a. O \u00faltimo receber\u00e1 tamb\u00e9m a dan\u00e7a infantil Sinto Muito, \u00e0s 15h. O cantor Tunai ser\u00e1 atra\u00e7\u00e3o do palco do Mercado, homenageando os 50 anos da bossa nova, \u00e0s 14h. J\u00e1 \u00e0s 16h o stand up Jogando no Quintal acontecer\u00e1 no Lyra enquanto Contos e Brincadeiras ser\u00e1 no Largo dos Padeiros. A Ciranda Violeira volta ao palco do Mercado \u00e0s 17h e instantaneamente o Espa\u00e7o Crian\u00e7a recebe o espet\u00e1culo Dan\u00e7a Adulto. \u00c0s 17h40, no Espa\u00e7o Viradouro, haver\u00e1 o Recital Vozes no Tempo.\u00a0 A \u00faltima atra\u00e7\u00e3o do festival ser\u00e1 o espet\u00e1culo O casamento do al\u00e9m, \u00e0s 19h, no cemit\u00e9rio da Parte Alta da vila.<\/p>\n<p><strong>Estrutura do festival<\/strong><\/p>\n<p>Assim como nos anos anteriores, a Vila de Paranapiacaba oferece uma infraestrutura especial para receber o p\u00fablico do Festival de Inverno. Entre os principais servi\u00e7os est\u00e3o uma Pra\u00e7a de Alimenta\u00e7\u00e3o, com dois restaurantes no antigo Mercado e um no Espa\u00e7o Jud\u00f4; geradores de energia; 50 banheiros qu\u00edmicos instalados em diferentes pontos na Parte Baixa da vila; frald\u00e1rio; Espa\u00e7o de Artesanato; 18 tendas de 25 m\u00b2 para apoio e alimenta\u00e7\u00e3o; tr\u00eas tendas para o Espa\u00e7o Crian\u00e7a, instalado na rua Schnoor, s\/n\u00ba; e outras tr\u00eas que estar\u00e3o nas proximidades dos camarins dos artistas.<\/p>\n<p>Uma equipe de 70 pessoas recebe os visitantes. O esquema de seguran\u00e7a conta com refor\u00e7o da Pol\u00edcia Militar e da Guarda Municipal, bem como de seguran\u00e7as particulares. Nos dias do Festival, o tr\u00e2nsito de ve\u00edculos \u00e9 restrito para facilitar o movimento do p\u00fablico e \u00e9 criada uma rota para circula\u00e7\u00e3o na qual s\u00f3 podem trafegar autom\u00f3veis de moradores, h\u00f3spedes das pousadas, a servi\u00e7o da organiza\u00e7\u00e3o do evento, convidados e representantes da imprensa a trabalho. Tamb\u00e9m foram criados bols\u00f5es de estacionamento para estes.<\/p>\n<p>O p\u00fablico que for ao festival de carro deve deixar o ve\u00edculo no estacionamento localizado a cerca de 5 km da Vila, cuja capacidade \u00e9 3 mil. O valor cobrado (R$ 15, sendo 15% do total revertido para o Fundo Social de Solidariedade) d\u00e1 direito a transporte gratuito de \u00f4nibus do local at\u00e9 a Vila entre 9h e 21h e retorno ao estacionamento das 9h \u00e0s 23h. Para as motos h\u00e1 estacionamento na Parte Alta da Vila com vagas limitadas. Quem preferir ir de transporte p\u00fablico pode tomar o \u00f4nibus que sai do Terminal da esta\u00e7\u00e3o Prefeito Saladino com destino a Paranapiacaba. Outra op\u00e7\u00e3o \u00e9 ir de trem at\u00e9 a esta\u00e7\u00e3o de Rio Grande da Serra, de onde tamb\u00e9m partem \u00f4nibus at\u00e9 a Vila.<\/p>\n<p><strong>Ingressos<\/strong><\/p>\n<p>Em 2009 os ingressos para os shows do Viradouro e do Clube Uni\u00e3o Lyra Serrano est\u00e3o sendo trocados por pe\u00e7as de roupa ou cobertores e limitados a duas unidades por pessoa. A retirada das entradas \u00e9 feita tr\u00eas horas antes de cada show nos seguintes endere\u00e7os na Parte Baixa de Paranapiacaba: Centro de Informa\u00e7\u00f5es Tur\u00edsticas (Largo dos Padeiros, s\/n\u00ba); Centro de Visitantes do Parque (Avenida Rodrigues Alves, 473 A); Rua Varanda Velha, 382; Avenida Rodrigues Alves, 28 e Avenida Fox, 436.<\/p>\n<p>Ingressos antecipados podem ser trocados entre as quartas e sextas-feiras que antecedem os shows, das 14h \u00e0s 17h, no Teatro Municipal de Santo Andr\u00e9 (Pra\u00e7a IV Centen\u00e1rio, s\/n\u00ba &#8211; Centro &#8211; tel.: 11 4433-0789), no Teatro Conchita de Moraes (Pra\u00e7a Rui Barbosa, s\/n\u00ba &#8211; Santa Terezinha &#8211; tel.: 11 4996-2164) e na Casa do Olhar (Rua Campos Sales, 414 &#8211; Centro &#8211; tel.: 11 4992-7730). Toda a arrecada\u00e7\u00e3o ser\u00e1 doada para a Campanha do Agasalho 2009<em>,<\/em> promovida pelo Fundo Social de Solidariedade da cidade com apoio da Defesa Civil, do Fundo de Solidariedade do Estado de S\u00e3o Paulo e do Semasa (Servi\u00e7o Municipal de Saneamento Ambiental de Santo Andr\u00e9).<\/p>\n<p><strong>Espa\u00e7o Sabina<\/strong><\/p>\n<p>Para proporcionar ao p\u00fablico uma vis\u00e3o entre ci\u00eancia e arte em um \u00fanico local, a Sabina &#8211; Escola Parque do Conhecimento de Santo Andr\u00e9 montou na Vila o Espa\u00e7o Sabina. Estar\u00e3o \u00e0 disposi\u00e7\u00e3o dos visitantes as\u00a0<em>Sabinotecas<\/em>, experimentos \u201cm\u00f3veis\u201d como energia e\u00f3lica, gerador de Van de Graaff, duplo cone, gerador manual, modelo de olho (lente divergente e convergente) e m\u00e1quina a vapor.<\/p>\n<p>J\u00e1 na \u00e1rea da biologia (Sala da Vida) h\u00e1 f\u00f3sseis de dinossauros e outros animais; mand\u00edbula de tubar\u00e3o Mako, corais, raias violas, tartaruga marinha e cavalo marinho conservados em formol; e animais do serpent\u00e1rio em vidros.<\/p>\n<p>Representando o acervo da microbiologia, um microsc\u00f3pio est\u00e1 munido com l\u00e2minas distintas como fio de cabelo, zoopl\u00e2ncton, formiga e semente de dente de le\u00e3o.<\/p>\n","protected":false},"excerpt":{"rendered":"<p>O evento encerra nesse final de semana com show de Oswaldo Montenegro O charme da vila inglesa, que conta at\u00e9 com um fog ao estilo londrino, tem sido um dos ingredientes que vem atraindo um grande p\u00fablico para o Festival de Inverno de Paranapiacaba (FIP), em sua nona edi\u00e7\u00e3o. No segundo final de semana do [&hellip;]<\/p>\n","protected":false},"author":2,"featured_media":0,"comment_status":"open","ping_status":"open","sticky":false,"template":"","format":"standard","meta":{"tdm_status":"","tdm_grid_status":"","footnotes":""},"categories":[22],"tags":[],"class_list":{"0":"post-6276","1":"post","2":"type-post","3":"status-publish","4":"format-standard","6":"category-brasil"},"_links":{"self":[{"href":"https:\/\/migracao.redenoticia.com.br\/noticia\/wp-json\/wp\/v2\/posts\/6276","targetHints":{"allow":["GET"]}}],"collection":[{"href":"https:\/\/migracao.redenoticia.com.br\/noticia\/wp-json\/wp\/v2\/posts"}],"about":[{"href":"https:\/\/migracao.redenoticia.com.br\/noticia\/wp-json\/wp\/v2\/types\/post"}],"author":[{"embeddable":true,"href":"https:\/\/migracao.redenoticia.com.br\/noticia\/wp-json\/wp\/v2\/users\/2"}],"replies":[{"embeddable":true,"href":"https:\/\/migracao.redenoticia.com.br\/noticia\/wp-json\/wp\/v2\/comments?post=6276"}],"version-history":[{"count":0,"href":"https:\/\/migracao.redenoticia.com.br\/noticia\/wp-json\/wp\/v2\/posts\/6276\/revisions"}],"wp:attachment":[{"href":"https:\/\/migracao.redenoticia.com.br\/noticia\/wp-json\/wp\/v2\/media?parent=6276"}],"wp:term":[{"taxonomy":"category","embeddable":true,"href":"https:\/\/migracao.redenoticia.com.br\/noticia\/wp-json\/wp\/v2\/categories?post=6276"},{"taxonomy":"post_tag","embeddable":true,"href":"https:\/\/migracao.redenoticia.com.br\/noticia\/wp-json\/wp\/v2\/tags?post=6276"}],"curies":[{"name":"wp","href":"https:\/\/api.w.org\/{rel}","templated":true}]}}