{"id":6278,"date":"2009-07-23T10:22:00","date_gmt":"2009-07-23T14:22:00","guid":{"rendered":"http:\/\/www.redenoticia.com.br\/noticia\/?p=6278"},"modified":"2009-07-23T17:39:16","modified_gmt":"2009-07-23T21:39:16","slug":"estadio-de-manaus-confirma-participacao-na-expoestadio-2009","status":"publish","type":"post","link":"https:\/\/migracao.redenoticia.com.br\/noticia\/2009\/estadio-de-manaus-confirma-participacao-na-expoestadio-2009\/6278","title":{"rendered":"Est\u00e1dio de Manaus Confirma Participa\u00e7\u00e3o na ExpoEst\u00e1dio 2009"},"content":{"rendered":"<p>O Est\u00e1dio Vivaldo Lima, de Manaus, confirma sua participa\u00e7\u00e3o na ExpoEst\u00e1dio 2009, feira e congresso que ir\u00e1 reunir os segmentos de projeto, constru\u00e7\u00e3o, engenharia, mobili\u00e1rio, gerenciamento e opera\u00e7\u00e3o de est\u00e1dios, que acontece de 17 a 19 de Novembro no ExpoCenter Norte.<\/p>\n<p>No evento, o Vivaldo Lima ser\u00e1 um dos ocupantes da \u201cPra\u00e7a dos Est\u00e1dios\u201d, um espa\u00e7o especialmente criado na feira para reunir os est\u00e1dios de todo o Pa\u00eds que est\u00e3o na lista de jogos da Copa do Brasil de 2014.<\/p>\n<p>Tal como os demais participantes da \u201cPra\u00e7a\u201d, os respons\u00e1veis pela administra\u00e7\u00e3o do Vivaldo Lima ir\u00e3o levar para o local uma s\u00e9rie de apresenta\u00e7\u00f5es sobre as solu\u00e7\u00f5es de engenharia e gest\u00e3o que o Est\u00e1dio ir\u00e1 utilizar na sua prepara\u00e7\u00e3o para a Copa 2014. \u201cUm dos nossos destaques no evento ser\u00e1 o detalhamento sobre o projeto e as obras da nova arena do Vivaldo Lima, que envolve um investimento inicial em torno de R$ 580 milh\u00f5es\u201d, afirma Ariovaldo Malizia, administrador do Est\u00e1dio.<\/p>\n<p>O Est\u00e1dio Vivaldo lima, que atualmente, comporta um p\u00fablico de 32.000 torcedores, ap\u00f3s a constru\u00e7\u00e3o da nova Arena, ter\u00e1 capacidade de atender at\u00e9 47.450 pessoas, sendo assim distribu\u00eddos: 42.420 expectadores e 5.030 destinados \u00e0 \u00e1rea vip e a imprensa. Segundo Ariovaldo, esse n\u00famero \u00e9 suficiente para sediar at\u00e9 as 4\u00aa de finais.<\/p>\n<p>Manaus, uma das mais entusiasmadas Sedes da Copa 2014, espera receber um fluxo de turistas capaz de exceder a capacidade m\u00e1xima do Est\u00e1dio. Para tanto, ser\u00e3o feitas v\u00e1rias adapta\u00e7\u00f5es nas infraestruturas de Transporte, Seguran\u00e7a e Hotelaria. Grandes grupos hoteleiros, entre eles Hilton, Accor e Marriot j\u00e1 est\u00e3o com importantes projetos para o munic\u00edpio, a fim de atender a demanda estabelecida pela FIFA.<\/p>\n<p>De acordo com Ariovaldo Malizia, com a participa\u00e7\u00e3o na ExpoEst\u00e1dio 2009, sua equipe espera oportunizar grandes negocia\u00e7\u00f5es de interesse do Estado. \u201cA Copa do Mundo, sendo realizada em Manaus, ir\u00e1 acelerar o crescimento projetado para 25 anos, para apenas 5, proporcionando \u00e0 economia local a previs\u00e3o de 150 mil novos empregos, al\u00e9m da incrementa\u00e7\u00e3o do turismo, que certamente ganhar\u00e1 muita for\u00e7a ap\u00f3s a realiza\u00e7\u00e3o da Copa do Mundo\u201d, comenta o administrador.<\/p>\n<p><strong>Sobre a ExpoEst\u00e1dio<\/strong><strong><br \/>\n<\/strong>A Expo Est\u00e1dio \u00e9 uma feira de exposi\u00e7\u00e3o e encontro para o design, constru\u00e7\u00e3o, engenharia, mobili\u00e1rio, gerenciamento e opera\u00e7\u00e3o de est\u00e1dios e locais esportivos no Brasil. Os eventos de esportes s\u00e3o parte central da cultura brasileira. Com a popula\u00e7\u00e3o de 180 milh\u00f5es de pessoas, a Copa do Mundo FIFA de 2014, al\u00e9m da candidatura brasileira para hospedar os Jogos Ol\u00edmpicos de 2016, haver\u00e1 bastante investimento no setor de est\u00e1dios e locais esportivos nos pr\u00f3ximos oito anos.<br \/>\nA Expo Est\u00e1dio \u00e9 um evento dirigido para um p\u00fablico muito espec\u00edfico: os participantes na constru\u00e7\u00e3o, expans\u00e3o e gest\u00e3o de est\u00e1dios no Brasil. Junto \u00e0\u00a0 exposi\u00e7\u00e3o, haver\u00e1 discuss\u00f5es e semin\u00e1rios sobre desenvolvimentos atuais e ao longo prazo do setor; que atrair\u00e1\u00a0 os profissionais da ind\u00fastria.<\/p>\n<p>Os expositores s\u00e3o todos os produtores e fornecedores de produtos, solu\u00e7\u00f5es e servi\u00e7os para est\u00e1dios e instala\u00e7\u00f5es desportivas indoor e outdoor. Entre os visitantes est\u00e3o outros munic\u00edpios, propriet\u00e1rios e operadores de est\u00e1dio, operadores de estacionamento, clubes desportivos, empresas de seguran\u00e7a, investidores, consultores, arquitetos e designers.<\/p>\n","protected":false},"excerpt":{"rendered":"<p>O Est\u00e1dio Vivaldo Lima, de Manaus, confirma sua participa\u00e7\u00e3o na ExpoEst\u00e1dio 2009, feira e congresso que ir\u00e1 reunir os segmentos de projeto, constru\u00e7\u00e3o, engenharia, mobili\u00e1rio, gerenciamento e opera\u00e7\u00e3o de est\u00e1dios, que acontece de 17 a 19 de Novembro no ExpoCenter Norte. No evento, o Vivaldo Lima ser\u00e1 um dos ocupantes da \u201cPra\u00e7a dos Est\u00e1dios\u201d, um [&hellip;]<\/p>\n","protected":false},"author":2,"featured_media":0,"comment_status":"open","ping_status":"open","sticky":false,"template":"","format":"standard","meta":{"tdm_status":"","tdm_grid_status":"","footnotes":""},"categories":[22,7],"tags":[],"class_list":{"0":"post-6278","1":"post","2":"type-post","3":"status-publish","4":"format-standard","6":"category-brasil","7":"category-economia"},"_links":{"self":[{"href":"https:\/\/migracao.redenoticia.com.br\/noticia\/wp-json\/wp\/v2\/posts\/6278","targetHints":{"allow":["GET"]}}],"collection":[{"href":"https:\/\/migracao.redenoticia.com.br\/noticia\/wp-json\/wp\/v2\/posts"}],"about":[{"href":"https:\/\/migracao.redenoticia.com.br\/noticia\/wp-json\/wp\/v2\/types\/post"}],"author":[{"embeddable":true,"href":"https:\/\/migracao.redenoticia.com.br\/noticia\/wp-json\/wp\/v2\/users\/2"}],"replies":[{"embeddable":true,"href":"https:\/\/migracao.redenoticia.com.br\/noticia\/wp-json\/wp\/v2\/comments?post=6278"}],"version-history":[{"count":0,"href":"https:\/\/migracao.redenoticia.com.br\/noticia\/wp-json\/wp\/v2\/posts\/6278\/revisions"}],"wp:attachment":[{"href":"https:\/\/migracao.redenoticia.com.br\/noticia\/wp-json\/wp\/v2\/media?parent=6278"}],"wp:term":[{"taxonomy":"category","embeddable":true,"href":"https:\/\/migracao.redenoticia.com.br\/noticia\/wp-json\/wp\/v2\/categories?post=6278"},{"taxonomy":"post_tag","embeddable":true,"href":"https:\/\/migracao.redenoticia.com.br\/noticia\/wp-json\/wp\/v2\/tags?post=6278"}],"curies":[{"name":"wp","href":"https:\/\/api.w.org\/{rel}","templated":true}]}}