{"id":6280,"date":"2009-07-23T10:26:15","date_gmt":"2009-07-23T14:26:15","guid":{"rendered":"http:\/\/www.redenoticia.com.br\/noticia\/?p=6280"},"modified":"2009-07-23T10:26:15","modified_gmt":"2009-07-23T14:26:15","slug":"emater-rs-auxilia-na-divulgacao-de-prevencao-a-gripe-a-h1n1-entre-familias-rurais","status":"publish","type":"post","link":"https:\/\/migracao.redenoticia.com.br\/noticia\/2009\/emater-rs-auxilia-na-divulgacao-de-prevencao-a-gripe-a-h1n1-entre-familias-rurais\/6280","title":{"rendered":"Emater RS auxilia na divulga\u00e7\u00e3o de preven\u00e7\u00e3o \u00e0 gripe A (H1N1) entre fam\u00edlias rurais"},"content":{"rendered":"<p>A Emater\/RS-Ascar est\u00e1 engajada na campanha de preven\u00e7\u00e3o da gripe A (H1N1), coordenada pela Secretaria da Sa\u00fade. A diretora-t\u00e9cnica, \u00c1gueda Marc\u00e9i Mezomo, reuniu-se com equipe t\u00e9cnica, nesta quarta-feira (22), para definir os detalhes da linha de atua\u00e7\u00e3o junto \u00e0s fam\u00edlias rurais.<\/p>\n<p>Em virtude do crescimento do n\u00famero de infectados com o v\u00edrus e o risco de cont\u00e1gio tamb\u00e9m no meio rural, a Emater est\u00e1 emitindo correspond\u00eancia a todos os seus escrit\u00f3rios regionais e municipais, convocando os profissionais a auxiliarem na divulga\u00e7\u00e3o das informa\u00e7\u00f5es da Secretaria da Sa\u00fade.<\/p>\n<p>&#8220;S\u00e3o orienta\u00e7\u00f5es simples &#8211; como manter a casa ventilada, lavar as m\u00e3os com frequ\u00eancia e usar len\u00e7o de papel ao espirrar -, mas fundamentais para evitar a dissemina\u00e7\u00e3o do v\u00edrus&#8221;, alerta a diretora.<\/p>\n<p>As orienta\u00e7\u00f5es sobre preven\u00e7\u00e3o da doen\u00e7a e os cuidados ser\u00e3o repassadas aos agricultores pelos extensionistas, durante visitas \u00e0s propriedades rurais ou em encontros t\u00e9cnicos. Segundo \u00c1gueda, um material informativo tamb\u00e9m ser\u00e1 preparado, abordando os principais sintomas e como prevenir a doen\u00e7a.<\/p>\n<p>De acordo com o presidente da Emater\/RS, M\u00e1rio Augusto Ribas do Nascimento, a institui\u00e7\u00e3o \u00e9 parceira em mais esta campanha. &#8220;Pela sua atua\u00e7\u00e3o, a Emater vai levar as informa\u00e7\u00f5es da Secretaria Estadual da Sa\u00fade para o maior n\u00famero poss\u00edvel de fam\u00edlias no campo&#8221;, informa.<\/p>\n<p>Governo RS<\/p>\n","protected":false},"excerpt":{"rendered":"<p>A Emater\/RS-Ascar est\u00e1 engajada na campanha de preven\u00e7\u00e3o da gripe A (H1N1), coordenada pela Secretaria da Sa\u00fade. A diretora-t\u00e9cnica, \u00c1gueda Marc\u00e9i Mezomo, reuniu-se com equipe t\u00e9cnica, nesta quarta-feira (22), para definir os detalhes da linha de atua\u00e7\u00e3o junto \u00e0s fam\u00edlias rurais. Em virtude do crescimento do n\u00famero de infectados com o v\u00edrus e o risco [&hellip;]<\/p>\n","protected":false},"author":3,"featured_media":0,"comment_status":"open","ping_status":"open","sticky":false,"template":"","format":"standard","meta":{"tdm_status":"","tdm_grid_status":"","footnotes":""},"categories":[22,5],"tags":[],"class_list":{"0":"post-6280","1":"post","2":"type-post","3":"status-publish","4":"format-standard","6":"category-brasil","7":"category-saude-e-vida"},"_links":{"self":[{"href":"https:\/\/migracao.redenoticia.com.br\/noticia\/wp-json\/wp\/v2\/posts\/6280","targetHints":{"allow":["GET"]}}],"collection":[{"href":"https:\/\/migracao.redenoticia.com.br\/noticia\/wp-json\/wp\/v2\/posts"}],"about":[{"href":"https:\/\/migracao.redenoticia.com.br\/noticia\/wp-json\/wp\/v2\/types\/post"}],"author":[{"embeddable":true,"href":"https:\/\/migracao.redenoticia.com.br\/noticia\/wp-json\/wp\/v2\/users\/3"}],"replies":[{"embeddable":true,"href":"https:\/\/migracao.redenoticia.com.br\/noticia\/wp-json\/wp\/v2\/comments?post=6280"}],"version-history":[{"count":0,"href":"https:\/\/migracao.redenoticia.com.br\/noticia\/wp-json\/wp\/v2\/posts\/6280\/revisions"}],"wp:attachment":[{"href":"https:\/\/migracao.redenoticia.com.br\/noticia\/wp-json\/wp\/v2\/media?parent=6280"}],"wp:term":[{"taxonomy":"category","embeddable":true,"href":"https:\/\/migracao.redenoticia.com.br\/noticia\/wp-json\/wp\/v2\/categories?post=6280"},{"taxonomy":"post_tag","embeddable":true,"href":"https:\/\/migracao.redenoticia.com.br\/noticia\/wp-json\/wp\/v2\/tags?post=6280"}],"curies":[{"name":"wp","href":"https:\/\/api.w.org\/{rel}","templated":true}]}}