{"id":6283,"date":"2009-07-23T10:27:13","date_gmt":"2009-07-23T14:27:13","guid":{"rendered":"http:\/\/www.redenoticia.com.br\/noticia\/?p=6283"},"modified":"2009-08-01T23:41:53","modified_gmt":"2009-08-02T03:41:53","slug":"previsao-do-tempo-frente-fria-avanca-e-baixa-as-temperaturas-em-rondonia","status":"publish","type":"post","link":"https:\/\/migracao.redenoticia.com.br\/noticia\/2009\/previsao-do-tempo-frente-fria-avanca-e-baixa-as-temperaturas-em-rondonia\/6283","title":{"rendered":"Previs\u00e3o do tempo &#8211; frente fria avan\u00e7a e baixa as temperaturas em Rond\u00f4nia"},"content":{"rendered":"<p>Previs\u00e3o do tempo &#8211; Uma massa polar que j\u00e1 atua no sul do pa\u00eds avan\u00e7a rapidamente e deve<br \/>\nbaixar a temperatura a partir da noite de hoje (23) no sul do estado e na<br \/>\nsexta-feira em toda Rond\u00f4nia. Segundo a Divis\u00e3o de Meteorologia do Sistema<br \/>\nde Prote\u00e7\u00e3o da Amaz\u00f4nia (Sipam), os rondonienses acordar\u00e3o na sexta (24)<br \/>\ncom um clima bem mais ameno do que no dia anterior. Em Porto Velho,<br \/>\nenquanto a quinta-feira tem previs\u00e3o de m\u00e1xima de 32\u00b0C, a sexta-feira ter\u00e1<br \/>\nm\u00e1xima de 27\u00b0C.<br \/>\nJ\u00e1 o auge da frente fria acontecer\u00e1 no s\u00e1bado, quando os term\u00f4metros ir\u00e3o<br \/>\nbaixar para at\u00e9 17\u00b0C na capital, 14\u00b0C no vale do Guapor\u00e9 e 13\u00b0C em<br \/>\nVilhena. No restante do estado, a temperatura m\u00ednima ir\u00e1 variar entre 15\u00b0C<br \/>\ne 16\u00b0C.<br \/>\nComo avan\u00e7a r\u00e1pido, a massa de ar traz muitas nuvens carregadas, causando<br \/>\nventos e chuvas em boa parte do estado. O fen\u00f4meno deve come\u00e7ar a se<br \/>\ndissipar no domingo, quando volta a esquentar. Mesmo assim, a noite ainda<br \/>\npromete um clima mais agrad\u00e1vel.<br \/>\nSegundo os meteorologistas, esse fen\u00f4meno dever\u00e1 causar as temperaturas<br \/>\nmais baixas do ano at\u00e9 agora.<\/p>\n","protected":false},"excerpt":{"rendered":"<p>Previs\u00e3o do tempo &#8211; Uma massa polar que j\u00e1 atua no sul do pa\u00eds avan\u00e7a rapidamente e deve baixar a temperatura a partir da noite de hoje (23) no sul do estado e na sexta-feira em toda Rond\u00f4nia. Segundo a Divis\u00e3o de Meteorologia do Sistema de Prote\u00e7\u00e3o da Amaz\u00f4nia (Sipam), os rondonienses acordar\u00e3o na sexta [&hellip;]<\/p>\n","protected":false},"author":2,"featured_media":0,"comment_status":"open","ping_status":"open","sticky":false,"template":"","format":"standard","meta":{"tdm_status":"","tdm_grid_status":"","footnotes":""},"categories":[22,327],"tags":[],"class_list":{"0":"post-6283","1":"post","2":"type-post","3":"status-publish","4":"format-standard","6":"category-brasil","7":"category-clima"},"_links":{"self":[{"href":"https:\/\/migracao.redenoticia.com.br\/noticia\/wp-json\/wp\/v2\/posts\/6283","targetHints":{"allow":["GET"]}}],"collection":[{"href":"https:\/\/migracao.redenoticia.com.br\/noticia\/wp-json\/wp\/v2\/posts"}],"about":[{"href":"https:\/\/migracao.redenoticia.com.br\/noticia\/wp-json\/wp\/v2\/types\/post"}],"author":[{"embeddable":true,"href":"https:\/\/migracao.redenoticia.com.br\/noticia\/wp-json\/wp\/v2\/users\/2"}],"replies":[{"embeddable":true,"href":"https:\/\/migracao.redenoticia.com.br\/noticia\/wp-json\/wp\/v2\/comments?post=6283"}],"version-history":[{"count":0,"href":"https:\/\/migracao.redenoticia.com.br\/noticia\/wp-json\/wp\/v2\/posts\/6283\/revisions"}],"wp:attachment":[{"href":"https:\/\/migracao.redenoticia.com.br\/noticia\/wp-json\/wp\/v2\/media?parent=6283"}],"wp:term":[{"taxonomy":"category","embeddable":true,"href":"https:\/\/migracao.redenoticia.com.br\/noticia\/wp-json\/wp\/v2\/categories?post=6283"},{"taxonomy":"post_tag","embeddable":true,"href":"https:\/\/migracao.redenoticia.com.br\/noticia\/wp-json\/wp\/v2\/tags?post=6283"}],"curies":[{"name":"wp","href":"https:\/\/api.w.org\/{rel}","templated":true}]}}