{"id":6286,"date":"2009-07-23T10:34:15","date_gmt":"2009-07-23T14:34:15","guid":{"rendered":"http:\/\/www.redenoticia.com.br\/noticia\/?p=6286"},"modified":"2009-07-23T10:34:15","modified_gmt":"2009-07-23T14:34:15","slug":"secretaria-da-saude-mantem-estrategia-para-contencao-da-nova-gripe-a-h1n1-no-parana","status":"publish","type":"post","link":"https:\/\/migracao.redenoticia.com.br\/noticia\/2009\/secretaria-da-saude-mantem-estrategia-para-contencao-da-nova-gripe-a-h1n1-no-parana\/6286","title":{"rendered":"Secretaria da Sa\u00fade mant\u00e9m estrat\u00e9gia para conten\u00e7\u00e3o da nova gripe A (H1N1) no Paran\u00e1"},"content":{"rendered":"<p>O secret\u00e1rio de Sa\u00fade do Paran\u00e1, Gilberto Martin, declarou nesta quarta-feira (22) que, mesmo com o primeiro \u00f3bito registrado no Paran\u00e1 pela nova gripe A (H1N1), as estrat\u00e9gias de conten\u00e7\u00e3o da doen\u00e7a n\u00e3o mudam. De forma geral, a estrutura hospitalar que est\u00e1 preparada desde o surgimento dos primeiros casos no M\u00e9xico se mant\u00e9m e ser\u00e3o feitos apenas alguns ajustes, com um novo protocolo, cuja produ\u00e7\u00e3o foi iniciada nas semanas anteriores.<\/p>\n<p><span style=\"font-size: 11pt; font-family: Arial;\"><br \/>\n\u201cJ\u00e1 estamos com um trabalho intenso de vigil\u00e2ncia, investigando todos os \u00f3bitos por insufici\u00eancia respirat\u00f3ria aguda grave por causa viral. Na medida em que voc\u00ea confirma um \u00f3bito, aumenta naturalmente a demanda por assist\u00eancia. Mas temos uma rede de assist\u00eancia muito melhor que a maioria dos estados brasileiros. Temos uma estrutura de leitos de UTI, que praticamente dobrou nos \u00faltimos anos, e leitos de isolamento reservados para o tratamento da influenza em todas as regionais de Sa\u00fade\u201d, afirmou Martin, que lembrou que o Paran\u00e1 al\u00e9m dos quatro hospitais de refer\u00eancia definidos pelo Minist\u00e9rio da Sa\u00fade, ainda conta com pelo menos um hospital de retaguarda definido pela pr\u00f3pria Secretaria.<\/p>\n<p>O secret\u00e1rio tamb\u00e9m lembrou que s\u00e3o mais de 2 mil postos de sa\u00fade no Paran\u00e1 para o primeiro atendimento dos pacientes. \u201cO primeiro passo \u00e9 procurar sempre a unidade de sa\u00fade. Vale refor\u00e7ar a orienta\u00e7\u00e3o: quem tiver sintomas de gripe que procure a unidade de sa\u00fade mais pr\u00f3xima, pois \u00e9 l\u00e1 que ela vai ter o atendimento adequado e estar\u00e1 menos sujeito ao contato com outras doen\u00e7as\u201d, completa.<\/p>\n<p>Uma recomenda\u00e7\u00e3o que serve para todos os casos de influenza <\/span><span style=\"font-size: 11pt; font-family: Arial;\">A (H1N1)<\/span><span style=\"font-size: 11pt; font-family: Arial;\">: \u201cAssim que a pessoa coletou as amostras pra exame na unidade de sa\u00fade, o isolamento domiciliar de sete dias deve ser mantido para todos os casos, mesmo que a pessoa n\u00e3o tenha resultado do exame\u201d, disse. O objetivo \u00e9 conter a transmiss\u00e3o do v\u00edrus, portanto, os casos suspeitos recebem a orienta\u00e7\u00e3o de isolamento domiciliar mesmo sem a confirma\u00e7\u00e3o do caso.<\/p>\n<p>O secret\u00e1rio tamb\u00e9m refor\u00e7ou que pessoas com sintomas gripais devem adotar algumas medidas preventivas, como evitar aglomera\u00e7\u00f5es, ao tossir procurar proteger a boca e tamb\u00e9m manter as m\u00e3o sempre bem lavadas e limpas, afim de evitar a transmiss\u00e3o de qualquer v\u00edrus.<\/p>\n<p>Para Martin, o Estado deve focar a aten\u00e7\u00e3o em preparar a rede de assist\u00eancia para receber a demanda de pacientes que necessitem de atendimento hospitalar, uma vez que n\u00e3o tem como saber se \u00e9 gripe sazonal ou a nova gripe. \u201cNeste momento vamos intensificar a organiza\u00e7\u00e3o da assist\u00eancia, para receber esta demanda, fazer o atendimento mais adequado e tentar ser o mais resolutivo poss\u00edvel\u201d, complementa.<\/p>\n<p>CAPACITA\u00c7\u00c3O DE PROFISSIONAIS \u2013 O Estado vai intensificar a capacita\u00e7\u00e3o dos profissionais de Sa\u00fade, para que estejam preparados para receber os pacientes. \u201cTodos os profissionais da rede p\u00fablica receberam um treinamento no come\u00e7o do processo, para diagn\u00f3stico e coleta de exames. J\u00e1 os m\u00e9dicos do Paran\u00e1 receberam em casa, e eu sei porque sou m\u00e9dico e recebi, um impresso da Associa\u00e7\u00e3o M\u00e9dica do Paran\u00e1, Conselho Regional de Medicina e Secretaria Estadual de Sa\u00fade, mostrando como ele deve proceder quando chega um paciente nestas condi\u00e7\u00f5es\u201d, finalizou.<\/span><\/p>\n<p><span style=\"font-size: 11pt; font-family: Arial;\">A Secretaria da Sa\u00fade confirmou nesta quarta-feira (22) mais oito casos da nova gripe no Paran\u00e1. Cinco deles est\u00e3o na regi\u00e3o Curitiba e tr\u00eas na regi\u00e3o de Foz do Igua\u00e7u. Com estes resultados, 70 s\u00e3o os casos confirmados da doen\u00e7a desde o in\u00edcio da epidemia. Um paciente morreu.<\/p>\n<p>Dos oito novos casos, cinco pessoas contra\u00edram o v\u00edrus no exterior, em pa\u00edses com Argentina, Paraguai e Estados Unidos. Os outros tr\u00eas casos permanecem em investiga\u00e7\u00e3o. Em todos os casos, a Secretaria da Sa\u00fade rastreou e monitora as pessoas que tiveram contato com os doentes.<\/p>\n<p>Al\u00e9m dos 70 casos confirmados, 718 pessoas ainda aguardam os resultados dos exames. Um total de 313 casos j\u00e1 foram descartados. A Secretaria da Sa\u00fade reafirma que est\u00e1 monitorando a doen\u00e7a com rigor em todo Paran\u00e1 e adotando todas as provid\u00eancias para evitar a dissemina\u00e7\u00e3o.<\/span><\/p>\n","protected":false},"excerpt":{"rendered":"<p>O secret\u00e1rio de Sa\u00fade do Paran\u00e1, Gilberto Martin, declarou nesta quarta-feira (22) que, mesmo com o primeiro \u00f3bito registrado no Paran\u00e1 pela nova gripe A (H1N1), as estrat\u00e9gias de conten\u00e7\u00e3o da doen\u00e7a n\u00e3o mudam. De forma geral, a estrutura hospitalar que est\u00e1 preparada desde o surgimento dos primeiros casos no M\u00e9xico se mant\u00e9m e ser\u00e3o [&hellip;]<\/p>\n","protected":false},"author":3,"featured_media":0,"comment_status":"open","ping_status":"open","sticky":false,"template":"","format":"standard","meta":{"tdm_status":"","tdm_grid_status":"","footnotes":""},"categories":[22,5],"tags":[],"class_list":{"0":"post-6286","1":"post","2":"type-post","3":"status-publish","4":"format-standard","6":"category-brasil","7":"category-saude-e-vida"},"_links":{"self":[{"href":"https:\/\/migracao.redenoticia.com.br\/noticia\/wp-json\/wp\/v2\/posts\/6286","targetHints":{"allow":["GET"]}}],"collection":[{"href":"https:\/\/migracao.redenoticia.com.br\/noticia\/wp-json\/wp\/v2\/posts"}],"about":[{"href":"https:\/\/migracao.redenoticia.com.br\/noticia\/wp-json\/wp\/v2\/types\/post"}],"author":[{"embeddable":true,"href":"https:\/\/migracao.redenoticia.com.br\/noticia\/wp-json\/wp\/v2\/users\/3"}],"replies":[{"embeddable":true,"href":"https:\/\/migracao.redenoticia.com.br\/noticia\/wp-json\/wp\/v2\/comments?post=6286"}],"version-history":[{"count":0,"href":"https:\/\/migracao.redenoticia.com.br\/noticia\/wp-json\/wp\/v2\/posts\/6286\/revisions"}],"wp:attachment":[{"href":"https:\/\/migracao.redenoticia.com.br\/noticia\/wp-json\/wp\/v2\/media?parent=6286"}],"wp:term":[{"taxonomy":"category","embeddable":true,"href":"https:\/\/migracao.redenoticia.com.br\/noticia\/wp-json\/wp\/v2\/categories?post=6286"},{"taxonomy":"post_tag","embeddable":true,"href":"https:\/\/migracao.redenoticia.com.br\/noticia\/wp-json\/wp\/v2\/tags?post=6286"}],"curies":[{"name":"wp","href":"https:\/\/api.w.org\/{rel}","templated":true}]}}