{"id":6289,"date":"2009-07-23T10:39:04","date_gmt":"2009-07-23T14:39:04","guid":{"rendered":"http:\/\/www.redenoticia.com.br\/noticia\/?p=6289"},"modified":"2009-07-27T02:05:52","modified_gmt":"2009-07-27T02:05:52","slug":"climatempo-informa-que-frente-fria-traz-chuva-e-ventos-fortes-para-sao-paulo","status":"publish","type":"post","link":"https:\/\/migracao.redenoticia.com.br\/noticia\/2009\/climatempo-informa-que-frente-fria-traz-chuva-e-ventos-fortes-para-sao-paulo\/6289","title":{"rendered":"Climatempo informa que frente fria traz chuva e ventos fortes para S\u00e3o Paulo"},"content":{"rendered":"<p><strong><br \/>\n<\/strong><\/p>\n<p>Climatempo alerta para chuva e ar polar que v\u00e3o trazer a sensa\u00e7\u00e3o de muito frio nas pr\u00f3ximas 48 horas. A grande frente fria que avan\u00e7a sobre S\u00e3o Paulo e Mato Grosso do Sul espalha nuvens carregadas sobre os dois estados. H\u00e1 risco de chuva e ventos fortes no decorrer desta quinta-feira, incluindo a Grande S\u00e3o Paulo.<br \/>\nJunto com a chuva, o Estado de Mato Grosso do Sul j\u00e1 est\u00e1 recebendo o ar polar e a temperatura teve acentuado decl\u00ednio em rela\u00e7\u00e3o \u00e0 ontem. O aeroporto de Campo Grande registrava apenas 15\u00baC, \u00e0s 10 horas da manh\u00e3. Em Ponta Por\u00e3, na fronteira com o Paraguai, j\u00e1 se observa a situa\u00e7\u00e3o t\u00edpica de entrada de ar polar intenso: o nevoeiro encobre a regi\u00e3o, a visibilidade era nula no aeroporto local, \u00e0s 10 horas e a temperatura era de apenas 11\u00baC. Em Corumb\u00e1, esta quinta-feira amanheceu com chuva, raios e trovoadas, fortes rajadas de vento sul (vento polar) que j\u00e1 ultrapassava os 50 km\/h.<\/p>\n<p>Radares meteorol\u00f3gicos detectam a r\u00e1pida expans\u00e3o das \u00e1reas de chuva da frente fria sobre o Estado de S\u00e3o Paulo. Fortes pancadas foram observadas em cidades do oeste, sudoeste e sul do Estado, pr\u00f3ximas ao Paran\u00e1. Por volta das 10h30, parte da instabilidade j\u00e1 come\u00e7ava a atingir o extremo oeste da Grande S\u00e3o Paulo. Em cidades do norte do Estado, no vale do Para\u00edba e na Mantiqueira, as pancadas de chuva s\u00f3 devem come\u00e7ar durante a tarde. Em cidades como Franca, Ribeir\u00e3o Preto e Mococa s\u00f3 deve chover no fim da tarde.<\/p>\n<p>Al\u00e9m de S\u00e3o Paulo e de Mato Grosso do Sul, a situa\u00e7\u00e3o \u00e9 de alerta para chuvas intensas e ventos fortes no norte do Paran\u00e1. No leste do Paran\u00e1, incluindo Curitiba e o litoral, al\u00e9m do vale do Itaja\u00ed, em Santa Catarina, a chuva deve prosseguir constante nesta quinta-feira, com moderada intensidade em v\u00e1rios momentos, o que deve gerar um grande acumulado at\u00e9 o fim do dia.<\/p>\n<p>As \u00e1reas de instabilidade desta grande frente fria ficam bloqueadas nas pr\u00f3ximas 48 horas sobre S\u00e3o Paulo, norte e centro-leste do Paran\u00e1 e sobre quase todo o Mato Grosso do Sul. Mas em especial nesta sexta-feira, a chuva deve ser muito volumosa em especial sobre a Grande Curitiba, no litoral do Paran\u00e1, no norte paranaense e por todo o centro-sul e leste de S\u00e3o Paulo, incluindo a Grande S\u00e3o Paulo e o litoral.<\/p>\n<p>Devido ao tempo chuvoso e a entrada do ar polar em S\u00e3o Paulo, a temperatura cai muito no Estado. Os paulistas sentiram ontem as maiores temperaturas desde meados de maio. Na tarde desta sexta-feira e do s\u00e1bado, muitas cidades paulistas, incluindo a capital paulista, poder\u00e3o ter as menores temperaturas \u00e0 tarde deste ano. De acordo com o Instituto Nacional de Meteorologia, a menor temperatura \u00e0 tarde deste ano no Mirante de Santana, na zona norte da cidade de S\u00e3o Paulo, foi de 15,5\u00baC, no dia 2 de junho.<\/p>\n<p>Sobre o Grupo Climatempo<\/p>\n<p>O Grupo Climatempo \u00e9 a maior empresa privada de meteorologia do pa\u00eds. Uma holding formada pela Climatempo Consultoria, Ag\u00eancia Climatempo, a TV Climatempo e a CLIMANET (Internet, servi\u00e7os de tecnologia e inform\u00e1tica). Atualmente, o Grupo Climatempo fornece conte\u00fado para os principais portais do pa\u00eds, mais de 50 retransmissoras de televis\u00e3o do Brasil, r\u00e1dios e tem cerca de mil clientes. Os dois principais segmentos atendidos s\u00e3o o de agroneg\u00f3cios e meios de comunica\u00e7\u00e3o. Al\u00e9m destes, fornece conte\u00fado meteorol\u00f3gico estrat\u00e9gico para produtoras, a ind\u00fastria eletroeletr\u00f4nica e t\u00eaxtil, com\u00e9rcio, moda e turismo, constru\u00e7\u00e3o civil, setor de energia, entre outros setores.<\/p>\n<p>O Grupo \u00e9 presidido pelo meteorologista Carlos Magno, um dos primeiros comunicadores da profiss\u00e3o no Pa\u00eds, com mais de 23 anos de carreira, que ajudou a mudar a cultura que o brasileiro tinha sobre a meteorologia. O Grupo Climatempo conta ainda com Ana L\u00facia Frony vice-presidente, Renato Urbinder, s\u00f3cio-diretor (Diretor de Neg\u00f3cios e Projetos Especiais), e os diretores executivos Gilca Palma (Climatempo Meteorologia), Andr\u00e9 Madeira (Ag\u00eancia Climatempo) e o jornalista Paulo Polli (TV Climatempo) no Conselho Consultivo.<\/p>\n","protected":false},"excerpt":{"rendered":"<p>Climatempo alerta para chuva e ar polar que v\u00e3o trazer a sensa\u00e7\u00e3o de muito frio nas pr\u00f3ximas 48 horas. A grande frente fria que avan\u00e7a sobre S\u00e3o Paulo e Mato Grosso do Sul espalha nuvens carregadas sobre os dois estados. H\u00e1 risco de chuva e ventos fortes no decorrer desta quinta-feira, incluindo a Grande S\u00e3o [&hellip;]<\/p>\n","protected":false},"author":3,"featured_media":0,"comment_status":"open","ping_status":"open","sticky":false,"template":"","format":"standard","meta":{"tdm_status":"","tdm_grid_status":"","footnotes":""},"categories":[22,327],"tags":[],"class_list":{"0":"post-6289","1":"post","2":"type-post","3":"status-publish","4":"format-standard","6":"category-brasil","7":"category-clima"},"_links":{"self":[{"href":"https:\/\/migracao.redenoticia.com.br\/noticia\/wp-json\/wp\/v2\/posts\/6289","targetHints":{"allow":["GET"]}}],"collection":[{"href":"https:\/\/migracao.redenoticia.com.br\/noticia\/wp-json\/wp\/v2\/posts"}],"about":[{"href":"https:\/\/migracao.redenoticia.com.br\/noticia\/wp-json\/wp\/v2\/types\/post"}],"author":[{"embeddable":true,"href":"https:\/\/migracao.redenoticia.com.br\/noticia\/wp-json\/wp\/v2\/users\/3"}],"replies":[{"embeddable":true,"href":"https:\/\/migracao.redenoticia.com.br\/noticia\/wp-json\/wp\/v2\/comments?post=6289"}],"version-history":[{"count":0,"href":"https:\/\/migracao.redenoticia.com.br\/noticia\/wp-json\/wp\/v2\/posts\/6289\/revisions"}],"wp:attachment":[{"href":"https:\/\/migracao.redenoticia.com.br\/noticia\/wp-json\/wp\/v2\/media?parent=6289"}],"wp:term":[{"taxonomy":"category","embeddable":true,"href":"https:\/\/migracao.redenoticia.com.br\/noticia\/wp-json\/wp\/v2\/categories?post=6289"},{"taxonomy":"post_tag","embeddable":true,"href":"https:\/\/migracao.redenoticia.com.br\/noticia\/wp-json\/wp\/v2\/tags?post=6289"}],"curies":[{"name":"wp","href":"https:\/\/api.w.org\/{rel}","templated":true}]}}