{"id":6297,"date":"2009-07-23T11:36:20","date_gmt":"2009-07-23T15:36:20","guid":{"rendered":"http:\/\/www.redenoticia.com.br\/noticia\/?p=6297"},"modified":"2009-08-05T00:31:18","modified_gmt":"2009-08-05T04:31:18","slug":"record-permitiu-envio-de-beijos-na-votacao-da-fazenda-que-colocou-jonathan-danni-e-dado-na-roca","status":"publish","type":"post","link":"https:\/\/migracao.redenoticia.com.br\/noticia\/2009\/record-permitiu-envio-de-beijos-na-votacao-da-fazenda-que-colocou-jonathan-danni-e-dado-na-roca\/6297","title":{"rendered":"Record permitiu envio de beijos na vota\u00e7\u00e3o da Fazenda que colocou Jonathan, Danni e Dado na ro\u00e7a"},"content":{"rendered":"<p>Ontem (22\/07) o apresentador da Fazenda e a produ\u00e7\u00e3o da Record deixaram os pe\u00f5es da Fazenda mandarem beijos e abra\u00e7os durante a vota\u00e7\u00e3o que indicou Danni Carlos e Dado para a ro\u00e7a, junto com Jonathan que perdeu desafio da semana. Os beijos foram direto da Fazenda da Record para o Vidigal, filhos, sobrinhos, pais, m\u00e3es, fam\u00edlia, Mirella, namorados, maridos, parceiros, Tom Cavalcanti e povo brasileiro.<\/p>\n<p>Os pe\u00f5es da Fazenda da Record justificaram o voto sem muita novidade. Pedro votou no Carlinhos que votou em Pedro por que faz parte do jogo entre eles. Jonathan votou na Danni Carlos para seguir crit\u00e9rio de n\u00e3o repetir voto. Dado votou na Fabi porque ficou magoado. Fabi votou na Danni Carlos para se defender e a cantora devolveu o voto. Outro voto esperado na Fazenda da Record foi o da Fazendeira Dani Samambaia, que escolheu o Dado porque n\u00e3o regou as plantas direito.<\/p>\n<p>Depois da vota\u00e7\u00e3o na Fazenda da Record, alguns pe\u00f5es foram dormir outros ficaram se lamentando, como o Dado e a Danni Carlos, inconformados com a vota\u00e7\u00e3o. Mas como n\u00e3o h\u00e1 tempo para muito lero lero, cedinho j\u00e1 estavam de p\u00e9 para as atividades rotineiras. A Record tamb\u00e9m anunciou atividade surpresa e \u00e0 tarde haver\u00e1 disputa entre Dani Samambaia, Carlinhos e Dado por mais um carro.<\/p>\n<p>Fonte TV Record \u2013 A Fazenda.<\/p>\n","protected":false},"excerpt":{"rendered":"<p>Ontem (22\/07) o apresentador da Fazenda e a produ\u00e7\u00e3o da Record deixaram os pe\u00f5es da Fazenda mandarem beijos e abra\u00e7os durante a vota\u00e7\u00e3o que indicou Danni Carlos e Dado para a ro\u00e7a, junto com Jonathan que perdeu desafio da semana. Os beijos foram direto da Fazenda da Record para o Vidigal, filhos, sobrinhos, pais, m\u00e3es, [&hellip;]<\/p>\n","protected":false},"author":3,"featured_media":0,"comment_status":"open","ping_status":"open","sticky":false,"template":"","format":"standard","meta":{"tdm_status":"","tdm_grid_status":"","footnotes":""},"categories":[22,343],"tags":[],"class_list":{"0":"post-6297","1":"post","2":"type-post","3":"status-publish","4":"format-standard","6":"category-brasil","7":"category-televisao"},"_links":{"self":[{"href":"https:\/\/migracao.redenoticia.com.br\/noticia\/wp-json\/wp\/v2\/posts\/6297","targetHints":{"allow":["GET"]}}],"collection":[{"href":"https:\/\/migracao.redenoticia.com.br\/noticia\/wp-json\/wp\/v2\/posts"}],"about":[{"href":"https:\/\/migracao.redenoticia.com.br\/noticia\/wp-json\/wp\/v2\/types\/post"}],"author":[{"embeddable":true,"href":"https:\/\/migracao.redenoticia.com.br\/noticia\/wp-json\/wp\/v2\/users\/3"}],"replies":[{"embeddable":true,"href":"https:\/\/migracao.redenoticia.com.br\/noticia\/wp-json\/wp\/v2\/comments?post=6297"}],"version-history":[{"count":0,"href":"https:\/\/migracao.redenoticia.com.br\/noticia\/wp-json\/wp\/v2\/posts\/6297\/revisions"}],"wp:attachment":[{"href":"https:\/\/migracao.redenoticia.com.br\/noticia\/wp-json\/wp\/v2\/media?parent=6297"}],"wp:term":[{"taxonomy":"category","embeddable":true,"href":"https:\/\/migracao.redenoticia.com.br\/noticia\/wp-json\/wp\/v2\/categories?post=6297"},{"taxonomy":"post_tag","embeddable":true,"href":"https:\/\/migracao.redenoticia.com.br\/noticia\/wp-json\/wp\/v2\/tags?post=6297"}],"curies":[{"name":"wp","href":"https:\/\/api.w.org\/{rel}","templated":true}]}}