{"id":62970,"date":"2014-11-27T17:48:29","date_gmt":"2014-11-27T19:48:29","guid":{"rendered":"http:\/\/www.redenoticia.com.br\/noticia\/?p=62970"},"modified":"2014-11-27T17:48:29","modified_gmt":"2014-11-27T19:48:29","slug":"fatec-divulga-cursos-mais-concorridos-no-vestibular-2015","status":"publish","type":"post","link":"https:\/\/migracao.redenoticia.com.br\/noticia\/2014\/fatec-divulga-cursos-mais-concorridos-no-vestibular-2015\/62970","title":{"rendered":"Fatec divulga cursos mais concorridos no Vestibular 2015"},"content":{"rendered":"<p><em><strong>Fatec divulga cursos mais concorridos no Vestibular 2015<\/strong><\/em>: a\u00a0Fatec (Faculdade de Tecnologia do Estado de S\u00e3o Paulo) Adib Mois\u00e9s Dib, de S\u00e3o Bernardo do Campo, tem o curso mais concorrido de todo o processo seletivo do Vestibular 2015. O curso de Automa\u00e7\u00e3o Industrial tem o mais alto \u00edndice de candidatos por vaga, s\u00f3 no per\u00edodo noturno s\u00e3o 609 inscritos que concorrem a 40 vagas, o que representa 15,23 candidatos por vaga.<\/p>\n<p>J\u00e1 o curso de An\u00e1lise e Desenvolvimento de Sistemas aparece entre os dez mais concorridos nas Fatecs Carapicu\u00edba (14,70 c\/v, \u00e0 noite), Zona Leste (14,45c\/v, \u00e0 noite), S\u00e3o Paulo (13,90 c\/v, \u00e0 noite e 13,80c\/v, de manh\u00e3) e Mogi das Cruzes (11,25 c\/v, \u00e0 noite). A demanda por curso e unidade est\u00e1 dispon\u00edvel no\u00a0. Os 59 mil candidatos far\u00e3o o exame no dia 14 de dezembro. Mais informa\u00e7\u00f5es podem ser consultadas no\u00a0.<\/p>\n<p>Do Portal do Governo do Estado<\/p>\n<p>&#8212;<\/p>\n<p>Calend\u00e1rio<\/p>\n<p>08\/12\/2014 &#8211; Divulga\u00e7\u00e3o dos locais de Exame<br \/>\n14\/12\/2014 (domingo), \u00e0s 13h \u2013 Exame \u2013 dura\u00e7\u00e3o da prova: 5 horas<br \/>\n14\/12\/2014 (domingo), a partir das 18h30min &#8211; Divulga\u00e7\u00e3o do gabarito oficial<br \/>\n16\/01\/2015 &#8211; Divulgac?a?o da lista de classificac?a?o geral, da 1a lista de convocac?a?o e do desempenho dos candidatos<br \/>\n19 e 20\/01\/2015 &#8211; Matr\u00edcula da 1\u00aa lista de convoca\u00e7\u00e3o<br \/>\n21\/01\/2015 &#8211; Divulga\u00e7\u00e3o da 2\u00aa lista de convoca\u00e7\u00e3o<br \/>\n22\/01\/2015 &#8211; Matr\u00edcula da 2\u00aa lista de convoca\u00e7\u00e3o<\/p>\n","protected":false},"excerpt":{"rendered":"<p>Fatec divulga cursos mais concorridos no Vestibular 2015: a\u00a0Fatec (Faculdade de Tecnologia do Estado de S\u00e3o Paulo) Adib Mois\u00e9s Dib, de S\u00e3o Bernardo do Campo, tem o curso mais concorrido de todo o processo seletivo do Vestibular 2015. O curso de Automa\u00e7\u00e3o Industrial tem o mais alto \u00edndice de candidatos por vaga, s\u00f3 no per\u00edodo [&hellip;]<\/p>\n","protected":false},"author":2,"featured_media":34896,"comment_status":"open","ping_status":"closed","sticky":false,"template":"","format":"standard","meta":{"tdm_status":"","tdm_grid_status":"","footnotes":""},"categories":[22,370,295],"tags":[],"class_list":{"0":"post-62970","1":"post","2":"type-post","3":"status-publish","4":"format-standard","5":"has-post-thumbnail","7":"category-brasil","8":"category-inscricao","9":"category-vestibular"},"_links":{"self":[{"href":"https:\/\/migracao.redenoticia.com.br\/noticia\/wp-json\/wp\/v2\/posts\/62970","targetHints":{"allow":["GET"]}}],"collection":[{"href":"https:\/\/migracao.redenoticia.com.br\/noticia\/wp-json\/wp\/v2\/posts"}],"about":[{"href":"https:\/\/migracao.redenoticia.com.br\/noticia\/wp-json\/wp\/v2\/types\/post"}],"author":[{"embeddable":true,"href":"https:\/\/migracao.redenoticia.com.br\/noticia\/wp-json\/wp\/v2\/users\/2"}],"replies":[{"embeddable":true,"href":"https:\/\/migracao.redenoticia.com.br\/noticia\/wp-json\/wp\/v2\/comments?post=62970"}],"version-history":[{"count":0,"href":"https:\/\/migracao.redenoticia.com.br\/noticia\/wp-json\/wp\/v2\/posts\/62970\/revisions"}],"wp:featuredmedia":[{"embeddable":true,"href":"https:\/\/migracao.redenoticia.com.br\/noticia\/wp-json\/wp\/v2\/media\/34896"}],"wp:attachment":[{"href":"https:\/\/migracao.redenoticia.com.br\/noticia\/wp-json\/wp\/v2\/media?parent=62970"}],"wp:term":[{"taxonomy":"category","embeddable":true,"href":"https:\/\/migracao.redenoticia.com.br\/noticia\/wp-json\/wp\/v2\/categories?post=62970"},{"taxonomy":"post_tag","embeddable":true,"href":"https:\/\/migracao.redenoticia.com.br\/noticia\/wp-json\/wp\/v2\/tags?post=62970"}],"curies":[{"name":"wp","href":"https:\/\/api.w.org\/{rel}","templated":true}]}}