{"id":62995,"date":"2014-11-27T20:52:30","date_gmt":"2014-11-27T22:52:30","guid":{"rendered":"http:\/\/www.redenoticia.com.br\/noticia\/?p=62995"},"modified":"2014-11-27T20:52:30","modified_gmt":"2014-11-27T22:52:30","slug":"novela-imperio-danielle-deixa-a-mansao-e-jose-pedro-sofre","status":"publish","type":"post","link":"https:\/\/migracao.redenoticia.com.br\/noticia\/2014\/novela-imperio-danielle-deixa-a-mansao-e-jose-pedro-sofre\/62995","title":{"rendered":"Novela \u201cImp\u00e9rio\u201d: Danielle deixa a mans\u00e3o e Jos\u00e9 Pedro sofre"},"content":{"rendered":"<p><a href=\"https:\/\/migracao.redenoticia.com.br\/noticia\/imagens\/Imperio_Caio_Blat_Jose_Pedro.jpg\"><img loading=\"lazy\" decoding=\"async\" src=\"https:\/\/migracao.redenoticia.com.br\/noticia\/imagens\/Imperio_Caio_Blat_Jose_Pedro-187x187.jpg\" alt=\"Imperio_Caio_Blat_Jose_Pedro\" width=\"187\" height=\"187\" class=\"alignleft size-medium wp-image-60038\" srcset=\"https:\/\/migracao.redenoticia.com.br\/noticia\/imagens\/Imperio_Caio_Blat_Jose_Pedro-187x187.jpg 187w, https:\/\/migracao.redenoticia.com.br\/noticia\/imagens\/Imperio_Caio_Blat_Jose_Pedro.jpg 300w, https:\/\/migracao.redenoticia.com.br\/noticia\/imagens\/Imperio_Caio_Blat_Jose_Pedro-150x150.jpg 150w, https:\/\/migracao.redenoticia.com.br\/noticia\/imagens\/Imperio_Caio_Blat_Jose_Pedro-110x110.jpg 110w, https:\/\/migracao.redenoticia.com.br\/noticia\/imagens\/Imperio_Caio_Blat_Jose_Pedro-50x50.jpg 50w\" sizes=\"auto, (max-width: 187px) 100vw, 187px\" \/><\/a><em><strong>Novela \u201cImp\u00e9rio\u201d:<\/strong><\/em> Danielle (Maria Ribeiro) grava conversa comprometedora dela com Jos\u00e9 Pedro (Caio Blat). Maur\u00edlio (Carmo Dalla Vecchia) copia a grava\u00e7\u00e3o e entrega para T\u00e9o Pereira (Paulo Betti). \u00c9rika (Let\u00edcia Birkheuer) avisa Danielle que T\u00e9o Pereira decidiu publicar a nota em seu blog. Ela conta para Jos\u00e9 Pedro e decide sair de casa. Jos\u00e9 Pedro sofre. Ele chora e Danielle sugere que Jos\u00e9 Pedro avise Jos\u00e9 Alfredo (Alexandre Nero). Logo depois, Danielle conta que vai ficar em um hotel. Jos\u00e9 Pedro a abra\u00e7a e eles se beijam.<\/p>\n<p>Fonte Rede Globo \u2013 nos pr\u00f3ximos cap\u00edtulos da novela \u201cImp\u00e9rio\u201d, Danielle conta para \u00c9rika que Du caiu da escada e T\u00e9o divulga a informa\u00e7\u00e3o em seu blog. Jos\u00e9 Alfredo fala para Maria Marta que corre risco de morte. Espinoza guarda no cofre um vidro com um l\u00edquido especial. Jo\u00e3o Lucas pede Du em casamento. Enrico diz a Manoel que cozinhar\u00e1 em seu botequim eventualmente. Cl\u00e1udio declara seu amor por Beatriz. Leonardo deixa seu apartamento. Reginaldo n\u00e3o conta para Antoninho que Jairo roubou seu diamante. Juliane comemora o primeiro dia de trabalho. Jairo leva o diamante para Cora e tenta for\u00e7\u00e1-la a cumprir sua parte no acordo. Nan\u00e1 revela para Xana que tem visitado Luciano no orfanato. Robert\u00e3o assina o contrato com Giancarlo sem ler seu conte\u00fado. Maur\u00edlio espera T\u00e9o no bar do hotel. Danielle inventa para Jos\u00e9 Pedro que colocaram uma escuta em seu quarto e mostra a transcri\u00e7\u00e3o da conversa que tiveram sobre a empresa. Jos\u00e9 Alfredo v\u00ea T\u00e9o e Maur\u00edlio juntos. Jos\u00e9 Alfredo manda Josu\u00e9 ouvir a conversa de Maur\u00edlio e T\u00e9o. Espinoza entrega o vidro com o l\u00edquido especial para o Comendador. Danielle se culpa por mentir para Jos\u00e9 Pedro. Maur\u00edlio mostra a T\u00e9o as provas contra Jos\u00e9 Alfredo. Du pensa em sua gravidez. Maria Marta apoia Jo\u00e3o Lucas. Cl\u00e1udio e Beatriz elogiam o trabalho de Maria \u00cdsis. Leonardo se junta a um grupo de mendigos. Salvador ouve Carmem falar para Orville sobre um colecionador argentino. Elivaldo comenta com Cristina que tamb\u00e9m queria ser acolhido pelo tio. Enrico observa Cl\u00e1udio e Beatriz juntos e marca um encontro com Bianca. T\u00e9o come\u00e7a a escrever sua mat\u00e9ria. Jos\u00e9 Alfredo afirma a Josu\u00e9 que n\u00e3o ser\u00e1 derrotado. Cora aprecia o diamante cor-de-rosa.<\/p>\n<p>Cristina ouve Cora se declarando para Jos\u00e9 Alfredo e conta para Elivaldo. Nan\u00e1 fala para Xana que est\u00e1 tentando adotar Luciano. Danielle se desespera quando Jos\u00e9 Pedro decide contar para Maria Marta sobre a grava\u00e7\u00e3o de sua conversa. Reginaldo tenta conversar com Jairo sobre os roubos, mas Jurema n\u00e3o deixa. Jo\u00e3o Lucas pensa em Du. Du sonha que perdeu seu beb\u00ea. Jos\u00e9 Alfredo pro\u00edbe Maria Marta de falar com Jos\u00e9 Pedro e Danielle. Vicente agradece sua equipe pelo trabalho. Cl\u00e1udio e Beatriz flagram Enrico em sua casa. Leonardo dorme na rua. Maria Marta conclui que Danielle fez a grava\u00e7\u00e3o de Jos\u00e9 Pedro para se vingar e conta para Jos\u00e9 Alfredo. Jos\u00e9 Alfredo exige que Maria Marta justifique sua certeza sobre a vingan\u00e7a de Danielle. T\u00e9o tenta organizar o dossi\u00ea sobre o Comendador. Carmem conversa com Orville sobre Salvador. Juliane comenta com Xana que aceitar\u00e1 o convite de Antoninho. Salvador engana Carmem. Robert\u00e3o pede para \u00c9rika guardar seu dinheiro. Enrico tenta falar com Maria Clara. Cl\u00e1udio afirma a Beatriz que n\u00e3o quer mais saber de Leonardo. Um mendigo rouba a mochila de Leonardo. Jo\u00e3o Lucas se declara para Du. Cora diz a Cristina que tem uma reuni\u00e3o com Jos\u00e9 Alfredo na joalheria Imp\u00e9rio e leva Jairo como seu seguran\u00e7a. Jos\u00e9 Alfredo interroga Jos\u00e9 Pedro e Danielle. Jos\u00e9 Alfredo acusa Danielle de ter gravado a fala de Jos\u00e9 Pedro para se vingar do marido. T\u00e9o publica a not\u00edcia sobre a grava\u00e7\u00e3o feita por Danielle. Maria Marta se recusa a acreditar que Maur\u00edlio entregou a c\u00f3pia da grava\u00e7\u00e3o para T\u00e9o. O colecionador argentino chega \u00e0 casa de Orville para ver os quadros de Salvador. Cardoso volta para Santa Teresa e \u00e9 visto por Lorraine e Pietro. Salvador v\u00ea Orville negociando seus quadros e fica furioso. Jos\u00e9 Pedro se despede de Danielle. Jos\u00e9 Alfredo avisa que far\u00e1 uma declara\u00e7\u00e3o para a imprensa, e Maria Marta se preocupa. Cora chega \u00e0 joalheria Imp\u00e9rio. Jos\u00e9 Alfredo flagra Magn\u00f3lia e Severo na casa de Maria \u00cdsis. Cora chantageia Jos\u00e9 Alfredo. <\/p>\n","protected":false},"excerpt":{"rendered":"<p>Novela \u201cImp\u00e9rio\u201d: Danielle (Maria Ribeiro) grava conversa comprometedora dela com Jos\u00e9 Pedro (Caio Blat). Maur\u00edlio (Carmo Dalla Vecchia) copia a grava\u00e7\u00e3o e entrega para T\u00e9o Pereira (Paulo Betti). \u00c9rika (Let\u00edcia Birkheuer) avisa Danielle que T\u00e9o Pereira decidiu publicar a nota em seu blog. Ela conta para Jos\u00e9 Pedro e decide sair de casa. Jos\u00e9 Pedro [&hellip;]<\/p>\n","protected":false},"author":2,"featured_media":60038,"comment_status":"open","ping_status":"closed","sticky":false,"template":"","format":"standard","meta":{"tdm_status":"","tdm_grid_status":"","footnotes":""},"categories":[379,375,343],"tags":[],"class_list":{"0":"post-62995","1":"post","2":"type-post","3":"status-publish","4":"format-standard","5":"has-post-thumbnail","7":"category-novelas","8":"category-rede-globo","9":"category-televisao"},"_links":{"self":[{"href":"https:\/\/migracao.redenoticia.com.br\/noticia\/wp-json\/wp\/v2\/posts\/62995","targetHints":{"allow":["GET"]}}],"collection":[{"href":"https:\/\/migracao.redenoticia.com.br\/noticia\/wp-json\/wp\/v2\/posts"}],"about":[{"href":"https:\/\/migracao.redenoticia.com.br\/noticia\/wp-json\/wp\/v2\/types\/post"}],"author":[{"embeddable":true,"href":"https:\/\/migracao.redenoticia.com.br\/noticia\/wp-json\/wp\/v2\/users\/2"}],"replies":[{"embeddable":true,"href":"https:\/\/migracao.redenoticia.com.br\/noticia\/wp-json\/wp\/v2\/comments?post=62995"}],"version-history":[{"count":0,"href":"https:\/\/migracao.redenoticia.com.br\/noticia\/wp-json\/wp\/v2\/posts\/62995\/revisions"}],"wp:featuredmedia":[{"embeddable":true,"href":"https:\/\/migracao.redenoticia.com.br\/noticia\/wp-json\/wp\/v2\/media\/60038"}],"wp:attachment":[{"href":"https:\/\/migracao.redenoticia.com.br\/noticia\/wp-json\/wp\/v2\/media?parent=62995"}],"wp:term":[{"taxonomy":"category","embeddable":true,"href":"https:\/\/migracao.redenoticia.com.br\/noticia\/wp-json\/wp\/v2\/categories?post=62995"},{"taxonomy":"post_tag","embeddable":true,"href":"https:\/\/migracao.redenoticia.com.br\/noticia\/wp-json\/wp\/v2\/tags?post=62995"}],"curies":[{"name":"wp","href":"https:\/\/api.w.org\/{rel}","templated":true}]}}