{"id":6301,"date":"2009-07-23T11:40:11","date_gmt":"2009-07-23T15:40:11","guid":{"rendered":"http:\/\/www.redenoticia.com.br\/noticia\/?p=6301"},"modified":"2009-07-27T02:05:51","modified_gmt":"2009-07-27T02:05:51","slug":"climatempo-frente-fria-chega-a-sao-paulo-e-quebra-bloqueio-do-ar-seco-na-regiao","status":"publish","type":"post","link":"https:\/\/migracao.redenoticia.com.br\/noticia\/2009\/climatempo-frente-fria-chega-a-sao-paulo-e-quebra-bloqueio-do-ar-seco-na-regiao\/6301","title":{"rendered":"Climatempo &#8211; frente fria chega a S\u00e3o Paulo e quebra bloqueio do ar seco na regi\u00e3o"},"content":{"rendered":"<p>Segundo a Climatempo, ar polar que acompanha o sistema derruba a temperatura na sexta-feira. O in\u00edcio desta semana foi marcado pela presen\u00e7a de uma massa de ar seco sobre o Estado de S\u00e3o Paulo. A capital paulista esquentou mesmo nesta quarta-feira. A tarde de ontem foi a mais quente na cidade nos \u00faltimos 67 dias, pelo menos na regi\u00e3o do Mirante de Santana, na zona norte.<br \/>\nDe acordo com o Instituto Nacional de Meteorologia, a temperatura \u00e0s 3 horas da tarde chegou a 27,4\u00baC e foi o maior valor desde o dia 14 de maio, quando o term\u00f4metro marcou 27,7\u00baC. Ainda na zona norte da capital paulista, a temperatura nesta tarde chegou a 28\u00baC. Na zona sul, o aeroporto de Congonhas registrou 27\u00baC.<\/p>\n<p>O que os paulistanos sentiram na tarde desta \u00faltima quarta-feira foi o que os meteorologistas da Climatempo chamam de calor pr\u00e9-frontal, ou seja, que vem antes de uma frente fria. Nesta quinta-feira est\u00e1 situa\u00e7\u00e3o come\u00e7a a mudar. Uma frente fria vinda do Sul do Brasil j\u00e1 deixa o tempo chuvoso e proporciona grandes volumes de chuva no sul, no oeste e em parte do leste do Estado. Nesta quinta-feira, o sistema provoca chuva na Baixada Santista principalmente \u00e0 tarde e \u00e0 noite. Na capital, as nuvens aumentam e ocorrem pancadas de chuva \u00e0 tarde. H\u00e1 risco de ventania.<\/p>\n<p>A frente fria vem acompanhada de uma massa de ar de origem polar que derruba a temperatura no Estado. Na sexta-feira e no s\u00e1bado, a capital e o litoral ainda podem contar com chuva. Na Baixada Santista, o mar fica agitado durante todo o fim de semana, com ondas de at\u00e9 2 metros. Segundo, a Climatempo, o sol reaparece no domingo, mas o tempo ainda n\u00e3o fica firme. O c\u00e9u fica cheio de nuvens e chove a qualquer hora do dia.<\/p>\n<p>Sobre o Grupo Climatempo<\/p>\n<p>O Grupo Climatempo \u00e9 a maior empresa privada de meteorologia do pa\u00eds. Uma holding formada pela Climatempo Consultoria, Ag\u00eancia Climatempo, a TV Climatempo e a CLIMANET (Internet, servi\u00e7os de tecnologia e inform\u00e1tica). Atualmente, o Grupo Climatempo fornece conte\u00fado para os principais portais do pa\u00eds, mais de 50 retransmissoras de televis\u00e3o do Brasil, r\u00e1dios e tem cerca de mil clientes. Os dois principais segmentos atendidos s\u00e3o o de agroneg\u00f3cios e meios de comunica\u00e7\u00e3o. Al\u00e9m destes, fornece conte\u00fado meteorol\u00f3gico estrat\u00e9gico para produtoras, a ind\u00fastria eletroeletr\u00f4nica e t\u00eaxtil, com\u00e9rcio, moda e turismo, constru\u00e7\u00e3o civil, setor de energia, entre outros setores.<\/p>\n<p>O Grupo \u00e9 presidido pelo meteorologista Carlos Magno, um dos primeiros comunicadores da profiss\u00e3o no Pa\u00eds, com mais de 23 anos de carreira, que ajudou a mudar a cultura que o brasileiro tinha sobre a meteorologia. O Grupo Climatempo conta ainda com Ana L\u00facia Frony vice-presidente, Renato Urbinder, s\u00f3cio-diretor (Diretor de Neg\u00f3cios e Projetos Especiais), e os diretores executivos Gilca Palma (Climatempo Meteorologia), Andr\u00e9 Madeira (Ag\u00eancia Climatempo) e o jornalista Paulo Polli (TV Climatempo) no Conselho Consultivo.<\/p>\n","protected":false},"excerpt":{"rendered":"<p>Segundo a Climatempo, ar polar que acompanha o sistema derruba a temperatura na sexta-feira. O in\u00edcio desta semana foi marcado pela presen\u00e7a de uma massa de ar seco sobre o Estado de S\u00e3o Paulo. A capital paulista esquentou mesmo nesta quarta-feira. A tarde de ontem foi a mais quente na cidade nos \u00faltimos 67 dias, [&hellip;]<\/p>\n","protected":false},"author":3,"featured_media":0,"comment_status":"open","ping_status":"open","sticky":false,"template":"","format":"standard","meta":{"tdm_status":"","tdm_grid_status":"","footnotes":""},"categories":[22,327],"tags":[],"class_list":{"0":"post-6301","1":"post","2":"type-post","3":"status-publish","4":"format-standard","6":"category-brasil","7":"category-clima"},"_links":{"self":[{"href":"https:\/\/migracao.redenoticia.com.br\/noticia\/wp-json\/wp\/v2\/posts\/6301","targetHints":{"allow":["GET"]}}],"collection":[{"href":"https:\/\/migracao.redenoticia.com.br\/noticia\/wp-json\/wp\/v2\/posts"}],"about":[{"href":"https:\/\/migracao.redenoticia.com.br\/noticia\/wp-json\/wp\/v2\/types\/post"}],"author":[{"embeddable":true,"href":"https:\/\/migracao.redenoticia.com.br\/noticia\/wp-json\/wp\/v2\/users\/3"}],"replies":[{"embeddable":true,"href":"https:\/\/migracao.redenoticia.com.br\/noticia\/wp-json\/wp\/v2\/comments?post=6301"}],"version-history":[{"count":0,"href":"https:\/\/migracao.redenoticia.com.br\/noticia\/wp-json\/wp\/v2\/posts\/6301\/revisions"}],"wp:attachment":[{"href":"https:\/\/migracao.redenoticia.com.br\/noticia\/wp-json\/wp\/v2\/media?parent=6301"}],"wp:term":[{"taxonomy":"category","embeddable":true,"href":"https:\/\/migracao.redenoticia.com.br\/noticia\/wp-json\/wp\/v2\/categories?post=6301"},{"taxonomy":"post_tag","embeddable":true,"href":"https:\/\/migracao.redenoticia.com.br\/noticia\/wp-json\/wp\/v2\/tags?post=6301"}],"curies":[{"name":"wp","href":"https:\/\/api.w.org\/{rel}","templated":true}]}}