{"id":6303,"date":"2009-07-23T11:47:59","date_gmt":"2009-07-23T15:47:59","guid":{"rendered":"http:\/\/www.redenoticia.com.br\/noticia\/?p=6303"},"modified":"2009-07-23T11:47:59","modified_gmt":"2009-07-23T15:47:59","slug":"previsao-do-tempo-somar-informa-da-possibilidade-de-neve-entre-hoje-e-amanha-no-sul-do-brasil","status":"publish","type":"post","link":"https:\/\/migracao.redenoticia.com.br\/noticia\/2009\/previsao-do-tempo-somar-informa-da-possibilidade-de-neve-entre-hoje-e-amanha-no-sul-do-brasil\/6303","title":{"rendered":"Previs\u00e3o do tempo Somar informa da possibilidade de neve entre hoje e amanh\u00e3 no Sul do Brasil"},"content":{"rendered":"<p>Segundo os meteorologistas da Somar, previs\u00e3o indica m\u00ednima entre -3\u00b0C e -4\u00b0C nos pontos mais elevados do RS e SC. No Rio Grande do Sul, a entrada de uma intensa massa de ar polar gerou m\u00ednimas negativas em Santana do Livramento, onde a sensa\u00e7\u00e3o t\u00e9rmica chegou a -10\u00b0C. Al\u00e9m disso, mais ao norte do Estado, a umidade do ar est\u00e1 bastante elevada e ainda ocorrem chuvas. Por isso, h\u00e1 possibilidade de neve nos pontos mais elevados do Rio Grande do Sul e de Santa Catarina entre hoje e amanh\u00e3.<\/p>\n<p>Uma frente fria avan\u00e7a lentamente pelo Brasil nesta quinta-feira organizando nuvens e chuva desde a Regi\u00e3o Sul at\u00e9 o Norte do pa\u00eds, passando por S\u00e3o Paulo, Mato Grosso do Sul e Mato Grosso. Em Corumb\u00e1, no oeste de Mato Grosso do Sul, foram registradas rajadas de quase 65km\/h. Em Londrina, no norte do Paran\u00e1, a esta\u00e7\u00e3o meteorol\u00f3gica do aeroporto registrou chuvas fortes, trovoadas e at\u00e9 granizo.<\/p>\n<p>Segundo os meteorologistas da Somar, as temperaturas ficam ainda mais baixas na pr\u00f3xima madrugada e a m\u00ednima chega a valores negativos em boa parte do Rio Grande do Sul, Santa Catarina e sul do Paran\u00e1. &#8220;Registraremos at\u00e9 -3\u00b0C ou -4\u00b0C nas serras ga\u00facha e catarinense. Onde n\u00e3o nevar ir\u00e1 gear. Estamos vivendo a passagem de uma das maiores ondas de frio dos \u00faltimos anos no Sul&#8221;, afirma o meteorologista Celso Oliveira.<\/p>\n<p>Al\u00e9m do frio, a frente fria causa chuvas no norte e leste de Santa Catarina, boa parte do Paran\u00e1, de S\u00e3o Paulo (inclusive Capital), sul de Minas Gerais e do Rio de Janeiro, Mato Grosso do Sul, sul e oeste de Mato Grosso, Rond\u00f4nia, Acre e oeste do Amazonas. No Nordeste, h\u00e1 previs\u00e3o de chuvas fracas durante a pr\u00f3xima noite no litoral leste, al\u00e9m do interior do Maranh\u00e3o.<\/p>\n","protected":false},"excerpt":{"rendered":"<p>Segundo os meteorologistas da Somar, previs\u00e3o indica m\u00ednima entre -3\u00b0C e -4\u00b0C nos pontos mais elevados do RS e SC. No Rio Grande do Sul, a entrada de uma intensa massa de ar polar gerou m\u00ednimas negativas em Santana do Livramento, onde a sensa\u00e7\u00e3o t\u00e9rmica chegou a -10\u00b0C. Al\u00e9m disso, mais ao norte do Estado, [&hellip;]<\/p>\n","protected":false},"author":3,"featured_media":0,"comment_status":"open","ping_status":"open","sticky":false,"template":"","format":"standard","meta":{"tdm_status":"","tdm_grid_status":"","footnotes":""},"categories":[22],"tags":[],"class_list":{"0":"post-6303","1":"post","2":"type-post","3":"status-publish","4":"format-standard","6":"category-brasil"},"_links":{"self":[{"href":"https:\/\/migracao.redenoticia.com.br\/noticia\/wp-json\/wp\/v2\/posts\/6303","targetHints":{"allow":["GET"]}}],"collection":[{"href":"https:\/\/migracao.redenoticia.com.br\/noticia\/wp-json\/wp\/v2\/posts"}],"about":[{"href":"https:\/\/migracao.redenoticia.com.br\/noticia\/wp-json\/wp\/v2\/types\/post"}],"author":[{"embeddable":true,"href":"https:\/\/migracao.redenoticia.com.br\/noticia\/wp-json\/wp\/v2\/users\/3"}],"replies":[{"embeddable":true,"href":"https:\/\/migracao.redenoticia.com.br\/noticia\/wp-json\/wp\/v2\/comments?post=6303"}],"version-history":[{"count":0,"href":"https:\/\/migracao.redenoticia.com.br\/noticia\/wp-json\/wp\/v2\/posts\/6303\/revisions"}],"wp:attachment":[{"href":"https:\/\/migracao.redenoticia.com.br\/noticia\/wp-json\/wp\/v2\/media?parent=6303"}],"wp:term":[{"taxonomy":"category","embeddable":true,"href":"https:\/\/migracao.redenoticia.com.br\/noticia\/wp-json\/wp\/v2\/categories?post=6303"},{"taxonomy":"post_tag","embeddable":true,"href":"https:\/\/migracao.redenoticia.com.br\/noticia\/wp-json\/wp\/v2\/tags?post=6303"}],"curies":[{"name":"wp","href":"https:\/\/api.w.org\/{rel}","templated":true}]}}