{"id":6305,"date":"2009-07-23T12:13:00","date_gmt":"2009-07-23T16:13:00","guid":{"rendered":"http:\/\/www.redenoticia.com.br\/noticia\/?p=6305"},"modified":"2009-07-23T12:13:00","modified_gmt":"2009-07-23T16:13:00","slug":"inscricao-no-prouni-mec-termina-amanha-2407","status":"publish","type":"post","link":"https:\/\/migracao.redenoticia.com.br\/noticia\/2009\/inscricao-no-prouni-mec-termina-amanha-2407\/6305","title":{"rendered":"Inscri\u00e7\u00e3o no ProUni  MEC termina amanh\u00e3 (24\/07)"},"content":{"rendered":"<p>Termina amanh\u00e3, sexta 24 de Julho, o prazo para inscri\u00e7\u00e3o na segunda etapa do ProUni em 2009. O Programa Universidade para Todos &#8211; ProUni &#8211; tem como finalidade a concess\u00e3o de bolsas de estudo integrais e parciais em cursos de gradua\u00e7\u00e3o e seq\u00fcenciais de forma\u00e7\u00e3o espec\u00edfica, em institui\u00e7\u00f5es privadas de educa\u00e7\u00e3o superior. Esta segunda rodada de inscri\u00e7\u00f5es s\u00e3o para os estudantes que ainda n\u00e3o se inscreveram ou que n\u00e3o foram contemplados com uma bolsa de estudo na primeira etapa de inscri\u00e7\u00f5es do Programa Universidade para Todos (ProUni)<\/p>\n<p>S\u00e3o 49.157 bolsas e para concorrer o estudante precisa ter feito o Exame Nacional do Ensino M\u00e9dio (Enem) em 2008 e ter cursado todo o ensino m\u00e9dio em escola p\u00fablica ou, em escola particular, na condi\u00e7\u00e3o de bolsista integral.<\/p>\n<p>Tamb\u00e9m podem concorrer pessoas com defici\u00eancia e professores do quadro permanente da rede p\u00fablica da educa\u00e7\u00e3o b\u00e1sica. Os professores podem se inscrever para bolsas em cursos de licenciatura, pedagogia ou normal superior e n\u00e3o precisam comprovar rendimentos.<\/p>\n<p>Os inscritos poder\u00e3o consultar a lista dos alunos pr\u00e9-selecionados na segunda etapa de inscri\u00e7\u00f5es no dia 28. O per\u00edodo para comprova\u00e7\u00e3o das informa\u00e7\u00f5es prestadas vai at\u00e9 12 de agosto. O acesso \u00e0 ficha de inscri\u00e7\u00e3o est\u00e1 dispon\u00edvel na <a href=\"http:\/\/portal.mec.gov.br\/prouni\/index.php?option=com_content&amp;task=view&amp;id=248&amp;Itemid=161\" target=\"_blank\">p\u00e1gina<\/a> eletr\u00f4nica do ProUni.<\/p>\n<p>Fonte MEC<\/p>\n","protected":false},"excerpt":{"rendered":"<p>Termina amanh\u00e3, sexta 24 de Julho, o prazo para inscri\u00e7\u00e3o na segunda etapa do ProUni em 2009. O Programa Universidade para Todos &#8211; ProUni &#8211; tem como finalidade a concess\u00e3o de bolsas de estudo integrais e parciais em cursos de gradua\u00e7\u00e3o e seq\u00fcenciais de forma\u00e7\u00e3o espec\u00edfica, em institui\u00e7\u00f5es privadas de educa\u00e7\u00e3o superior. Esta segunda rodada [&hellip;]<\/p>\n","protected":false},"author":3,"featured_media":0,"comment_status":"open","ping_status":"open","sticky":false,"template":"","format":"standard","meta":{"tdm_status":"","tdm_grid_status":"","footnotes":""},"categories":[22],"tags":[],"class_list":{"0":"post-6305","1":"post","2":"type-post","3":"status-publish","4":"format-standard","6":"category-brasil"},"_links":{"self":[{"href":"https:\/\/migracao.redenoticia.com.br\/noticia\/wp-json\/wp\/v2\/posts\/6305","targetHints":{"allow":["GET"]}}],"collection":[{"href":"https:\/\/migracao.redenoticia.com.br\/noticia\/wp-json\/wp\/v2\/posts"}],"about":[{"href":"https:\/\/migracao.redenoticia.com.br\/noticia\/wp-json\/wp\/v2\/types\/post"}],"author":[{"embeddable":true,"href":"https:\/\/migracao.redenoticia.com.br\/noticia\/wp-json\/wp\/v2\/users\/3"}],"replies":[{"embeddable":true,"href":"https:\/\/migracao.redenoticia.com.br\/noticia\/wp-json\/wp\/v2\/comments?post=6305"}],"version-history":[{"count":0,"href":"https:\/\/migracao.redenoticia.com.br\/noticia\/wp-json\/wp\/v2\/posts\/6305\/revisions"}],"wp:attachment":[{"href":"https:\/\/migracao.redenoticia.com.br\/noticia\/wp-json\/wp\/v2\/media?parent=6305"}],"wp:term":[{"taxonomy":"category","embeddable":true,"href":"https:\/\/migracao.redenoticia.com.br\/noticia\/wp-json\/wp\/v2\/categories?post=6305"},{"taxonomy":"post_tag","embeddable":true,"href":"https:\/\/migracao.redenoticia.com.br\/noticia\/wp-json\/wp\/v2\/tags?post=6305"}],"curies":[{"name":"wp","href":"https:\/\/api.w.org\/{rel}","templated":true}]}}