{"id":6307,"date":"2009-07-23T12:23:49","date_gmt":"2009-07-23T16:23:49","guid":{"rendered":"http:\/\/www.redenoticia.com.br\/noticia\/?p=6307"},"modified":"2009-07-23T12:23:49","modified_gmt":"2009-07-23T16:23:49","slug":"unesp-divulga-lista-de-aprovados-do-vestibular-de-inverno-2009","status":"publish","type":"post","link":"https:\/\/migracao.redenoticia.com.br\/noticia\/2009\/unesp-divulga-lista-de-aprovados-do-vestibular-de-inverno-2009\/6307","title":{"rendered":"Unesp divulga lista de aprovados do vestibular de inverno 2009"},"content":{"rendered":"<p>A Universidade Estadual Paulista &#8220;J\u00falio de Mesquita Filho (Unesp) acaba de divulgar a lista de aprovados no seu vestibular Unesp Meio de Ano 2009. Os 630 candidatos convocados dever\u00e3o realizar matr\u00edcula no dia 27 de julho, na unidade onde \u00e9 oferecido o curso para o qual se inscreveram.<\/p>\n<p><span style=\"font-size: 11pt; font-family: Arial;\"><br \/>\nA Unesp tamb\u00e9m divulga a lista de espera que tem 1.263 candidatos. Eles dever\u00e3o declarar interesse por vaga remanescente no dia 28 de julho, por meio do site (<a href=\"http:\/\/www.vunesp.com.br\/\" target=\"_blank\"><span style=\"color: windowtext;\">http:\/\/www.vunesp.com.br<\/span><\/a>), onde no dia seguinte ser\u00e1 divulgada a lista de convoca\u00e7\u00e3o para matr\u00edcula da lista de espera. Os convocados dessa lista dever\u00e3o se matricular em 31 de julho. Os documentos exigidos para matr\u00edcula podem ser consultados no manual do candidato, dispon\u00edvel neste site.<\/span><\/p>\n<p>Informa\u00e7\u00f5es sobre desempenho, convocados para matr\u00edcula, lista de espera, gabarito das provas, manual do candidato e resolu\u00e7\u00e3o da prova podem ser consultadas no site da Vunesp.<\/p>\n<p><strong><span style=\"font-family: Arial;\">Concorr\u00eancia <\/span><\/strong><strong><\/strong><\/p>\n<p>Os cursos mais concorridos por \u00e1rea s\u00e3o agronomia, em Ilha Solteira, na \u00e1rea de biol\u00f3gicas, com 12,7 candidatos por vaga; engenharia de produ\u00e7\u00e3o, em Bauru, na \u00e1rea de exatas, com 28,1 candidato\/vaga; e administra\u00e7\u00e3o, em Jaboticabal, em humanidades, com 15 candidato\/vaga.<\/p>\n","protected":false},"excerpt":{"rendered":"<p>A Universidade Estadual Paulista &#8220;J\u00falio de Mesquita Filho (Unesp) acaba de divulgar a lista de aprovados no seu vestibular Unesp Meio de Ano 2009. Os 630 candidatos convocados dever\u00e3o realizar matr\u00edcula no dia 27 de julho, na unidade onde \u00e9 oferecido o curso para o qual se inscreveram. A Unesp tamb\u00e9m divulga a lista de [&hellip;]<\/p>\n","protected":false},"author":3,"featured_media":0,"comment_status":"open","ping_status":"open","sticky":false,"template":"","format":"standard","meta":{"tdm_status":"","tdm_grid_status":"","footnotes":""},"categories":[22],"tags":[],"class_list":{"0":"post-6307","1":"post","2":"type-post","3":"status-publish","4":"format-standard","6":"category-brasil"},"_links":{"self":[{"href":"https:\/\/migracao.redenoticia.com.br\/noticia\/wp-json\/wp\/v2\/posts\/6307","targetHints":{"allow":["GET"]}}],"collection":[{"href":"https:\/\/migracao.redenoticia.com.br\/noticia\/wp-json\/wp\/v2\/posts"}],"about":[{"href":"https:\/\/migracao.redenoticia.com.br\/noticia\/wp-json\/wp\/v2\/types\/post"}],"author":[{"embeddable":true,"href":"https:\/\/migracao.redenoticia.com.br\/noticia\/wp-json\/wp\/v2\/users\/3"}],"replies":[{"embeddable":true,"href":"https:\/\/migracao.redenoticia.com.br\/noticia\/wp-json\/wp\/v2\/comments?post=6307"}],"version-history":[{"count":0,"href":"https:\/\/migracao.redenoticia.com.br\/noticia\/wp-json\/wp\/v2\/posts\/6307\/revisions"}],"wp:attachment":[{"href":"https:\/\/migracao.redenoticia.com.br\/noticia\/wp-json\/wp\/v2\/media?parent=6307"}],"wp:term":[{"taxonomy":"category","embeddable":true,"href":"https:\/\/migracao.redenoticia.com.br\/noticia\/wp-json\/wp\/v2\/categories?post=6307"},{"taxonomy":"post_tag","embeddable":true,"href":"https:\/\/migracao.redenoticia.com.br\/noticia\/wp-json\/wp\/v2\/tags?post=6307"}],"curies":[{"name":"wp","href":"https:\/\/api.w.org\/{rel}","templated":true}]}}