{"id":6310,"date":"2009-07-23T13:24:14","date_gmt":"2009-07-23T17:24:14","guid":{"rendered":"http:\/\/www.redenoticia.com.br\/noticia\/?p=6310"},"modified":"2009-07-23T13:24:14","modified_gmt":"2009-07-23T17:24:14","slug":"campanha-nacional-esclarece-principais-problemas-da-angiologia-e-da-cirurgia-vascular","status":"publish","type":"post","link":"https:\/\/migracao.redenoticia.com.br\/noticia\/2009\/campanha-nacional-esclarece-principais-problemas-da-angiologia-e-da-cirurgia-vascular\/6310","title":{"rendered":"Campanha nacional esclarece principais problemas da Angiologia e da Cirurgia Vascular"},"content":{"rendered":"<p>Aneurisma de aorta abdominal, varizes, claudica\u00e7\u00e3o intermitente, entupimento das car\u00f3tidas. Estes problemas acometem a sa\u00fade de uma grande parcela da popula\u00e7\u00e3o brasileira que, devido \u00e0 falta de informa\u00e7\u00e3o, negligencia a preven\u00e7\u00e3o. Com o objetivo de esclarecer sobre a import\u00e2ncia de cuidados com essas doen\u00e7as nas veias e art\u00e9rias, e da busca de orienta\u00e7\u00e3o do angiologista, a\u00a0<strong>Sociedade Brasileira de Angiologia e de Cirurgia Vascular<\/strong><strong> <\/strong>(SBACV) promove uma<strong>campanha nacional<\/strong> at\u00e9\u00a0<strong>setembro<\/strong>. Uma das a\u00e7\u00f5es \u00e9 a veicula\u00e7\u00e3o de outdoors em todos os estados.<\/p>\n<p>Estima-se que de 30% a 40% dos derrames cerebrais &#8211; conhecidos tamb\u00e9m por acidente vascular cerebral (AVC) &#8211; sejam causados pela\u00a0<strong>doen\u00e7a nas art\u00e9rias car\u00f3tidas<\/strong>. Elas levam o sangue para o c\u00e9rebro. Vale destacar que o derrame \u00e9 a segunda doen\u00e7a mais prevalente entre as doen\u00e7as cardiovasculares. Sobre o\u00a0<strong>aneurisma de aorta abdominal (AAA)<\/strong>, ele atinge de 3% a 6% da popula\u00e7\u00e3o acima dos 65 anos. \u201cHabitualmente, a dilata\u00e7\u00e3o da art\u00e9ria n\u00e3o provoca sintomas, mas, quando ela rompe, o sangue extravasa e a pessoa morre por hemorragia interna ou fica com graves sequelas\u201d, explica o presidente da Sociedade Brasileira de Angiologia e de Cirurgia Vascular,\u00a0Jos\u00e9 Lu\u00eds Camarinha do Nascimento Silva.<\/p>\n<p>As pernas podem ser acometidas pela claudica\u00e7\u00e3o intermitente e pelas varizes, por exemplo. Quando a pessoa caminha e precisa parar por causa de dor nas pernas em intervalos de marcha bem determinados sofre de\u00a0<strong>claudica\u00e7\u00e3o intermitente<\/strong>. Ela \u00e9 causada geralmente por placa de ateroma que entope as art\u00e9rias da perna. Especialmente em diab\u00e9ticos, a claudica\u00e7\u00e3o n\u00e3o tratada pode levar \u00e0 amputa\u00e7\u00e3o. As\u00a0<strong>varizes<\/strong> algumas vezes s\u00e3o assintom\u00e1ticas, mas se n\u00e3o forem tratadas podem evoluir para incha\u00e7\u00e3o, eczema, \u00falcera varicosa e tromboflebites. Mais informa\u00e7\u00f5es sobre a<strong> <\/strong><strong>Campanha Nacional de Divulga\u00e7\u00e3o da Angiologia e da Cirurgia Vascular<\/strong>:\u00a0<a href=\"http:\/\/www.sbacv.com.br\" target=\"_blank\">www.sbacv.com.br<\/a><\/p>\n","protected":false},"excerpt":{"rendered":"<p>Aneurisma de aorta abdominal, varizes, claudica\u00e7\u00e3o intermitente, entupimento das car\u00f3tidas. Estes problemas acometem a sa\u00fade de uma grande parcela da popula\u00e7\u00e3o brasileira que, devido \u00e0 falta de informa\u00e7\u00e3o, negligencia a preven\u00e7\u00e3o. Com o objetivo de esclarecer sobre a import\u00e2ncia de cuidados com essas doen\u00e7as nas veias e art\u00e9rias, e da busca de orienta\u00e7\u00e3o do angiologista, [&hellip;]<\/p>\n","protected":false},"author":2,"featured_media":0,"comment_status":"open","ping_status":"open","sticky":false,"template":"","format":"standard","meta":{"tdm_status":"","tdm_grid_status":"","footnotes":""},"categories":[22,5],"tags":[],"class_list":{"0":"post-6310","1":"post","2":"type-post","3":"status-publish","4":"format-standard","6":"category-brasil","7":"category-saude-e-vida"},"_links":{"self":[{"href":"https:\/\/migracao.redenoticia.com.br\/noticia\/wp-json\/wp\/v2\/posts\/6310","targetHints":{"allow":["GET"]}}],"collection":[{"href":"https:\/\/migracao.redenoticia.com.br\/noticia\/wp-json\/wp\/v2\/posts"}],"about":[{"href":"https:\/\/migracao.redenoticia.com.br\/noticia\/wp-json\/wp\/v2\/types\/post"}],"author":[{"embeddable":true,"href":"https:\/\/migracao.redenoticia.com.br\/noticia\/wp-json\/wp\/v2\/users\/2"}],"replies":[{"embeddable":true,"href":"https:\/\/migracao.redenoticia.com.br\/noticia\/wp-json\/wp\/v2\/comments?post=6310"}],"version-history":[{"count":0,"href":"https:\/\/migracao.redenoticia.com.br\/noticia\/wp-json\/wp\/v2\/posts\/6310\/revisions"}],"wp:attachment":[{"href":"https:\/\/migracao.redenoticia.com.br\/noticia\/wp-json\/wp\/v2\/media?parent=6310"}],"wp:term":[{"taxonomy":"category","embeddable":true,"href":"https:\/\/migracao.redenoticia.com.br\/noticia\/wp-json\/wp\/v2\/categories?post=6310"},{"taxonomy":"post_tag","embeddable":true,"href":"https:\/\/migracao.redenoticia.com.br\/noticia\/wp-json\/wp\/v2\/tags?post=6310"}],"curies":[{"name":"wp","href":"https:\/\/api.w.org\/{rel}","templated":true}]}}