{"id":6312,"date":"2009-07-23T13:35:13","date_gmt":"2009-07-23T17:35:13","guid":{"rendered":"http:\/\/www.redenoticia.com.br\/noticia\/?p=6312"},"modified":"2009-07-23T13:35:13","modified_gmt":"2009-07-23T17:35:13","slug":"record-divulga-que-ana-hickmann-recebe-mirella-latino-e-rodrigo-faro","status":"publish","type":"post","link":"https:\/\/migracao.redenoticia.com.br\/noticia\/2009\/record-divulga-que-ana-hickmann-recebe-mirella-latino-e-rodrigo-faro\/6312","title":{"rendered":"Record divulga que Ana Hickmann recebe Mirella , Latino e Rodrigo Faro"},"content":{"rendered":"<p><strong> <\/strong><\/p>\n<p><strong> <\/strong><\/p>\n<p>Como ser\u00e1 que anda o conhecimento musical do casal Mirella Santos e Latino e do apresentador de O Melhor do Brasil Rodrigo Faro? A Record divulgou que eles s\u00e3o os convidados do quadro Desafio do DJ e ter\u00e3o que cantarolar as m\u00fasicas tocadas em rota\u00e7\u00e3o alterada pelo DJ Theo Werneck no Tudo \u00e9 Poss\u00edvel deste domingo, 26\/07, apresentado pela Ana Hickmann<\/p>\n<p>Ana Hickmann  tamb\u00e9m recebe o cantor Bruno, do KLB, e sua namorada Karina Flores no Jogo da Afinidade. Eles testam a sintonia do casal e enfrentam &#8220;As Outras&#8221; e &#8220;Os Ricard\u00f5es&#8221; no palco do programa. Ap\u00f3s a brincadeira, o KLB anima a plat\u00e9ia com seus maiores sucessos.<\/p>\n<p>A Record anunciou que no Debaixo do Chuveiro o show da crian\u00e7ada continua valendo pr\u00eamio em dinheiro ou uma chuveirada. No quadro A Verdadeira Idade mais uma transforma\u00e7\u00e3o de visual promete surpreender a todos no programa.<\/p>\n<p>E mais: bichinhos de estima\u00e7\u00e3o mostram divertidas habilidades no quadro Meu Bicho \u00e9 um Show.<\/p>\n<p>Ana Hickmann e o Tudo \u00e9 Poss\u00edvel vai ao ar aos domingosna Record, a partir das 13h30.<\/p>\n","protected":false},"excerpt":{"rendered":"<p>Como ser\u00e1 que anda o conhecimento musical do casal Mirella Santos e Latino e do apresentador de O Melhor do Brasil Rodrigo Faro? A Record divulgou que eles s\u00e3o os convidados do quadro Desafio do DJ e ter\u00e3o que cantarolar as m\u00fasicas tocadas em rota\u00e7\u00e3o alterada pelo DJ Theo Werneck no Tudo \u00e9 Poss\u00edvel deste [&hellip;]<\/p>\n","protected":false},"author":3,"featured_media":0,"comment_status":"open","ping_status":"open","sticky":false,"template":"","format":"standard","meta":{"tdm_status":"","tdm_grid_status":"","footnotes":""},"categories":[22],"tags":[],"class_list":{"0":"post-6312","1":"post","2":"type-post","3":"status-publish","4":"format-standard","6":"category-brasil"},"_links":{"self":[{"href":"https:\/\/migracao.redenoticia.com.br\/noticia\/wp-json\/wp\/v2\/posts\/6312","targetHints":{"allow":["GET"]}}],"collection":[{"href":"https:\/\/migracao.redenoticia.com.br\/noticia\/wp-json\/wp\/v2\/posts"}],"about":[{"href":"https:\/\/migracao.redenoticia.com.br\/noticia\/wp-json\/wp\/v2\/types\/post"}],"author":[{"embeddable":true,"href":"https:\/\/migracao.redenoticia.com.br\/noticia\/wp-json\/wp\/v2\/users\/3"}],"replies":[{"embeddable":true,"href":"https:\/\/migracao.redenoticia.com.br\/noticia\/wp-json\/wp\/v2\/comments?post=6312"}],"version-history":[{"count":0,"href":"https:\/\/migracao.redenoticia.com.br\/noticia\/wp-json\/wp\/v2\/posts\/6312\/revisions"}],"wp:attachment":[{"href":"https:\/\/migracao.redenoticia.com.br\/noticia\/wp-json\/wp\/v2\/media?parent=6312"}],"wp:term":[{"taxonomy":"category","embeddable":true,"href":"https:\/\/migracao.redenoticia.com.br\/noticia\/wp-json\/wp\/v2\/categories?post=6312"},{"taxonomy":"post_tag","embeddable":true,"href":"https:\/\/migracao.redenoticia.com.br\/noticia\/wp-json\/wp\/v2\/tags?post=6312"}],"curies":[{"name":"wp","href":"https:\/\/api.w.org\/{rel}","templated":true}]}}