{"id":6314,"date":"2009-07-23T13:29:22","date_gmt":"2009-07-23T17:29:22","guid":{"rendered":"http:\/\/www.redenoticia.com.br\/noticia\/?p=6314"},"modified":"2009-07-23T13:39:45","modified_gmt":"2009-07-23T17:39:45","slug":"processo-seletivo-metodista-inscricoes-ate-31-de-julho","status":"publish","type":"post","link":"https:\/\/migracao.redenoticia.com.br\/noticia\/2009\/processo-seletivo-metodista-inscricoes-ate-31-de-julho\/6314","title":{"rendered":"Processo Seletivo Metodista: inscri\u00e7\u00f5es at\u00e9 31 de julho"},"content":{"rendered":"<p>A Universidade Metodista de S\u00e3o Paulo est\u00e1 com inscri\u00e7\u00f5es abertas para o Processo Seletivo Presencial \u2013 2\u00ba Semestre de 2009. As inscri\u00e7\u00f5es podem ser feitas at\u00e9 o dia 31 de julho. A nova prova digital ocorre no dia 02 de agosto.<\/p>\n<p>Os interessados podem se inscrever via Internet (<a title=\"http:\/\/www.metodista.br\/vestibular\/presencial\/inscricoes\" href=\"http:\/\/www.metodista.br\/vestibular\/presencial\/inscricoes\" target=\"_blank\">http:\/\/www.metodista.br\/vestibular\/presencial\/inscricoes<\/a>) ou pessoalmente no Campus Rudge Ramos (Rua Alfeu Tavares, 149, S\u00e3o Bernardo do Campo, SP) de segunda a sexta-feira, das 9 \u00e0s 21h ou s\u00e1bado das 9h \u00e0s 13h.<\/p>\n<p>Confira os cursos dispon\u00edveis:<\/p>\n<p><strong>Gradua\u00e7\u00e3o<\/strong><\/p>\n<p><strong> <\/strong>Administra\u00e7\u00e3o<\/p>\n<p>Ci\u00eancias Cont\u00e1beis<\/p>\n<p>Direito<\/p>\n<p>Educa\u00e7\u00e3o F\u00edsica<\/p>\n<p>Fisioterapia<\/p>\n<p>Nutri\u00e7\u00e3o<\/p>\n<p>Psicologia<\/p>\n<p><strong>Gradua\u00e7\u00e3o Tecnol\u00f3gica<\/strong><\/p>\n<p>An\u00e1lise e Desenvolvimento de Sistemas<\/p>\n<p>Gest\u00e3o de Recursos Humanos<\/p>\n<p>Log\u00edstica<\/p>\n<p>Marketing<\/p>\n<p>O candidato pode optar por duas op\u00e7\u00f5es de exame:<\/p>\n<p>&#8211; Prova Digital \u2013 R$50 reais.<\/p>\n<p>&#8211; Nota do ENEM + Prova Digital: a maior nota ser\u00e1 considerada para a classifica\u00e7\u00e3o \u2013 R$50 reais.<\/p>\n<p>Informa\u00e7\u00f5es completas sobre a infraestrutura, corpo docente, disciplinas e not\u00edcias espec\u00edficas dos cursos podem ser encontradas no portal da Universidade (<a title=\"http:\/\/www.metodista.br\/\" href=\"http:\/\/www.metodista.br\/\" target=\"_blank\">www.metodista.br<\/a>).<\/p>\n<p>Os resultados do Processo Seletivo sair\u00e3o no dia 04 de agosto. Os candidatos selecionados dever\u00e3o efetuar as matr\u00edculas no dia 06 de agosto.<\/p>\n","protected":false},"excerpt":{"rendered":"<p>A Universidade Metodista de S\u00e3o Paulo est\u00e1 com inscri\u00e7\u00f5es abertas para o Processo Seletivo Presencial \u2013 2\u00ba Semestre de 2009. As inscri\u00e7\u00f5es podem ser feitas at\u00e9 o dia 31 de julho. A nova prova digital ocorre no dia 02 de agosto. Os interessados podem se inscrever via Internet (http:\/\/www.metodista.br\/vestibular\/presencial\/inscricoes) ou pessoalmente no Campus Rudge Ramos [&hellip;]<\/p>\n","protected":false},"author":2,"featured_media":0,"comment_status":"open","ping_status":"open","sticky":false,"template":"","format":"standard","meta":{"tdm_status":"","tdm_grid_status":"","footnotes":""},"categories":[22],"tags":[],"class_list":{"0":"post-6314","1":"post","2":"type-post","3":"status-publish","4":"format-standard","6":"category-brasil"},"_links":{"self":[{"href":"https:\/\/migracao.redenoticia.com.br\/noticia\/wp-json\/wp\/v2\/posts\/6314","targetHints":{"allow":["GET"]}}],"collection":[{"href":"https:\/\/migracao.redenoticia.com.br\/noticia\/wp-json\/wp\/v2\/posts"}],"about":[{"href":"https:\/\/migracao.redenoticia.com.br\/noticia\/wp-json\/wp\/v2\/types\/post"}],"author":[{"embeddable":true,"href":"https:\/\/migracao.redenoticia.com.br\/noticia\/wp-json\/wp\/v2\/users\/2"}],"replies":[{"embeddable":true,"href":"https:\/\/migracao.redenoticia.com.br\/noticia\/wp-json\/wp\/v2\/comments?post=6314"}],"version-history":[{"count":0,"href":"https:\/\/migracao.redenoticia.com.br\/noticia\/wp-json\/wp\/v2\/posts\/6314\/revisions"}],"wp:attachment":[{"href":"https:\/\/migracao.redenoticia.com.br\/noticia\/wp-json\/wp\/v2\/media?parent=6314"}],"wp:term":[{"taxonomy":"category","embeddable":true,"href":"https:\/\/migracao.redenoticia.com.br\/noticia\/wp-json\/wp\/v2\/categories?post=6314"},{"taxonomy":"post_tag","embeddable":true,"href":"https:\/\/migracao.redenoticia.com.br\/noticia\/wp-json\/wp\/v2\/tags?post=6314"}],"curies":[{"name":"wp","href":"https:\/\/api.w.org\/{rel}","templated":true}]}}