{"id":6321,"date":"2009-07-23T14:21:33","date_gmt":"2009-07-23T18:21:33","guid":{"rendered":"http:\/\/www.redenoticia.com.br\/noticia\/?p=6321"},"modified":"2009-07-23T14:21:33","modified_gmt":"2009-07-23T18:21:33","slug":"fazenda-normatiza-parcelamento-de-debitos-junto-a-receita-federal-e-pgfn","status":"publish","type":"post","link":"https:\/\/migracao.redenoticia.com.br\/noticia\/2009\/fazenda-normatiza-parcelamento-de-debitos-junto-a-receita-federal-e-pgfn\/6321","title":{"rendered":"Fazenda normatiza parcelamento de d\u00e9bitos junto \u00e0 Receita Federal e PGFN"},"content":{"rendered":"<p><strong><\/strong>O Di\u00e1rio Oficial da Uni\u00e3o desta quinta-feira (23\/07) publicar\u00e1 a Portaria Conjunta n\u00ba 6, que disp\u00f5e sobre o pagamento e o parcelamento de d\u00e9bitos junto \u00e0 Procuradoria-Geral da Fazenda Nacional (PGFN) e \u00e0 Secretaria da Receita Federal do Brasil (RFB), parcelados ou n\u00e3o, com vencimento at\u00e9 30.11.2008, de que tratam os arts. 1\u00ba a 13 da Lei n\u00ba 11.941, de 27 de maio de 2009.<\/p>\n<p>Poder\u00e3o ser pagos ou parcelados, em at\u00e9 180 meses, inclusive, o saldo remanescente dos d\u00e9bitos consolidados no REFIS (Programa de Recupera\u00e7\u00e3o Fiscal), PAES (Parcelamento Especial), PAEX (Parcelamento Excepcional) ou no parcelamento ordin\u00e1rio. Mesmos d\u00e9bitos j\u00e1 exclu\u00eddos desses parcelamentos est\u00e3o abrangidos por esta Lei.<\/p>\n<p>A medida atinge tamb\u00e9m os d\u00e9bitos decorrentes do aproveitamento indevido de cr\u00e9ditos de IPI oriundos da aquisi\u00e7\u00e3o de mat\u00e9rias-primas, material de embalagem e produtos intermedi\u00e1rios relacionados na TIPI (Tabela de Incid\u00eancia do IPI), com incid\u00eancia de al\u00edquota zero ou como n\u00e3o-tributadas; e d\u00e9bitos da COFINS das sociedades civis de presta\u00e7\u00e3o de servi\u00e7os.<\/p>\n<p>N\u00e3o est\u00e3o abrangidos os d\u00e9bitos relativos ao Simples Nacional, devidos pelas microempresas e empresas de pequeno porte.<\/p>\n<p>Os requerimentos de ades\u00e3o aos parcelamentos ou ao pagamento \u00e0 vista com utiliza\u00e7\u00e3o de preju\u00edzo fiscal ou de base negativa de CSLL dever\u00e3o ser protocolados exclusivamente nos s\u00edtios da PGFN ou da RFB na Internet, <a href=\"http:\/\/www.pgfn.fazenda.gov.br\/\" target=\"_blank\">www.pgfn.fazenda.gov.br<\/a> ou <a href=\"http:\/\/www.receita.fazenda.gov.br\/\" target=\"_blank\">www.receita.fazenda.gov.br<\/a>, com utiliza\u00e7\u00e3o de certificado digital ou c\u00f3digo de acesso, a partir do dia 17 de agosto de 2009 at\u00e9 as 20 horas (hor\u00e1rio de Bras\u00edlia) do dia 30 de novembro de 2009.<\/p>\n<p>O pagamento \u00e0 vista que n\u00e3o considere a utiliza\u00e7\u00e3o de preju\u00edzo fiscal ou de base negativa de CSLL \u00e9 auto-aplic\u00e1vel desde a publica\u00e7\u00e3o da Lei e independe de formaliza\u00e7\u00e3o de ades\u00e3o.<\/p>\n<p>O valor de cada presta\u00e7\u00e3o ser\u00e1 acrescido de juros correspondentes \u00e0 varia\u00e7\u00e3o mensal da taxa referencial do Sistema Especial de Liquida\u00e7\u00e3o e de Cust\u00f3dia (Selic) para t\u00edtulos federais a partir do m\u00eas subsequente ao da consolida\u00e7\u00e3o at\u00e9 o m\u00eas anterior ao do pagamento e de 1% para o m\u00eas do pagamento. As presta\u00e7\u00f5es vencer\u00e3o no \u00faltimo dia \u00fatil de cada m\u00eas, devendo a primeira presta\u00e7\u00e3o ser paga no m\u00eas em que for formalizado o pedido.<\/p>\n<p><a href=\"http:\/\/www.fazenda.gov.br\/\" target=\"_blank\">Leia mais<\/a><\/p>\n<p><strong><br \/>\nFonte:<\/strong> Assessoria de Comunica\u00e7\u00e3o Social &#8211; RFB\/PGFN\/GMF<\/p>\n","protected":false},"excerpt":{"rendered":"<p>O Di\u00e1rio Oficial da Uni\u00e3o desta quinta-feira (23\/07) publicar\u00e1 a Portaria Conjunta n\u00ba 6, que disp\u00f5e sobre o pagamento e o parcelamento de d\u00e9bitos junto \u00e0 Procuradoria-Geral da Fazenda Nacional (PGFN) e \u00e0 Secretaria da Receita Federal do Brasil (RFB), parcelados ou n\u00e3o, com vencimento at\u00e9 30.11.2008, de que tratam os arts. 1\u00ba a 13 [&hellip;]<\/p>\n","protected":false},"author":3,"featured_media":0,"comment_status":"open","ping_status":"open","sticky":false,"template":"","format":"standard","meta":{"tdm_status":"","tdm_grid_status":"","footnotes":""},"categories":[22,7],"tags":[],"class_list":{"0":"post-6321","1":"post","2":"type-post","3":"status-publish","4":"format-standard","6":"category-brasil","7":"category-economia"},"_links":{"self":[{"href":"https:\/\/migracao.redenoticia.com.br\/noticia\/wp-json\/wp\/v2\/posts\/6321","targetHints":{"allow":["GET"]}}],"collection":[{"href":"https:\/\/migracao.redenoticia.com.br\/noticia\/wp-json\/wp\/v2\/posts"}],"about":[{"href":"https:\/\/migracao.redenoticia.com.br\/noticia\/wp-json\/wp\/v2\/types\/post"}],"author":[{"embeddable":true,"href":"https:\/\/migracao.redenoticia.com.br\/noticia\/wp-json\/wp\/v2\/users\/3"}],"replies":[{"embeddable":true,"href":"https:\/\/migracao.redenoticia.com.br\/noticia\/wp-json\/wp\/v2\/comments?post=6321"}],"version-history":[{"count":0,"href":"https:\/\/migracao.redenoticia.com.br\/noticia\/wp-json\/wp\/v2\/posts\/6321\/revisions"}],"wp:attachment":[{"href":"https:\/\/migracao.redenoticia.com.br\/noticia\/wp-json\/wp\/v2\/media?parent=6321"}],"wp:term":[{"taxonomy":"category","embeddable":true,"href":"https:\/\/migracao.redenoticia.com.br\/noticia\/wp-json\/wp\/v2\/categories?post=6321"},{"taxonomy":"post_tag","embeddable":true,"href":"https:\/\/migracao.redenoticia.com.br\/noticia\/wp-json\/wp\/v2\/tags?post=6321"}],"curies":[{"name":"wp","href":"https:\/\/api.w.org\/{rel}","templated":true}]}}