{"id":6323,"date":"2009-07-23T15:29:48","date_gmt":"2009-07-23T19:29:48","guid":{"rendered":"http:\/\/www.redenoticia.com.br\/noticia\/?p=6323"},"modified":"2009-07-23T16:21:59","modified_gmt":"2009-07-23T20:21:59","slug":"gestores-de-13-prefeituras-da-regiao-de-alta-floresta-mt-recebem-treinamento-em-geotecnologias","status":"publish","type":"post","link":"https:\/\/migracao.redenoticia.com.br\/noticia\/2009\/gestores-de-13-prefeituras-da-regiao-de-alta-floresta-mt-recebem-treinamento-em-geotecnologias\/6323","title":{"rendered":"Gestores de 13 prefeituras da regi\u00e3o de Alta Floresta (MT) recebem treinamento em geotecnologias"},"content":{"rendered":"<p>O Sistema de Prote\u00e7\u00e3o da Amaz\u00f4nia (Sipam), vinculado \u00e0 Casa Civil da Presid\u00eancia da Rep\u00fablica, inicia na pr\u00f3xima segunda-feira (27) a capacita\u00e7\u00e3o da primeira turma de t\u00e9cnicos dos munic\u00edpios priorit\u00e1rios do mutir\u00e3o Arco Verde Terra Legal para o uso de geotecnologias. O programa SipamCidade reunir\u00e1 durante cinco dias cerca de 30 profissionais de 13 prefeituras do norte do Mato Grosso, em Alta Floresta, cidade onde o Presidente Lula lan\u00e7ou o mutir\u00e3o de regulariza\u00e7\u00e3o fundi\u00e1ria do governo Federal, em junho \u00faltimo.<\/p>\n<p>A nova estrutura do SipamCidade, adaptada para atender os munic\u00edpios mais afetados pelo problema do desmatamento, leva em considera\u00e7\u00e3o as identidades regionais, as dificuldades semelhantes e os desafios parecidos. O coordenador de Opera\u00e7\u00f5es do Sipam, Fernando Campagnoli, destaca que os munic\u00edpios que participam desta etapa procuram, por exemplo, uma solu\u00e7\u00e3o comum para o tratamento de res\u00edduos s\u00f3lidos. \u201c\u00c9 poss\u00edvel que o caminho seja a forma\u00e7\u00e3o de um cons\u00f3rcio que compartilhe conhecimentos e dilua os custos\u201d, explicou Campagnoli.<\/p>\n<p>A chefe de gabinete da Secretaria de Meio Ambiente de Alta Floresta, Maria do Ros\u00e1rio dos Anjos Silva, destacou que h\u00e1 grande expectativa em rela\u00e7\u00e3o ao uso das geotecnologias em benef\u00edcio da gest\u00e3o municipal. \u201cEstamos empenhados na recupera\u00e7\u00e3o de \u00e1reas degradadas da Bacia da Mariana, que abastece a rede de \u00e1gua de Alta Floresta. Tamb\u00e9m nos preocupa o armazenamento do lixo, que ainda \u00e9 prec\u00e1rio. Queremos aproveitar os novos conhecimentos para corrigir os problemas do passado e evitar que isso se repita no futuro\u201d, explica Ros\u00e1rio.<\/p>\n<p>Os cons\u00f3rcios Vale do Telles Pires e Portal da Amaz\u00f4nia dividem a organiza\u00e7\u00e3o do treinamento com a Secretaria de Meio Ambiente de Alta Floresta. Segundo a Secretaria, alguns munic\u00edpios desejam mandar mais t\u00e9cnicos, pois planejam utilizar as informa\u00e7\u00f5es geoespaciais para montar mapas de potencial tur\u00edstico e mineral, aptid\u00e3o agr\u00edcola, para recuperar \u00e1reas degradadas e at\u00e9 para melhorar o transporte escolar. Campagnoli explica que as informa\u00e7\u00f5es repassadas durante o treinamento podem ser utilizadas em quase todas as \u00e1reas, desde o c\u00e1lculo do valor a ser cobrado no IPTU at\u00e9 a escolha dos melhores locais para a instala\u00e7\u00e3o de escolas rurais e postos de sa\u00fade.<\/p>\n<p><strong>Novas turmas<\/strong><\/p>\n<p>O Sipam tamb\u00e9m capacitar\u00e1 18 munic\u00edpios do Amazonas e Roraima para participar do programa no per\u00edodo de 10 a 14 de agosto, em Manaus. Entre as prefeituras que ser\u00e3o convidadas est\u00e3o\u00a0Careiro da V\u00e1rzea, Manaquiri, Careiro do Castanho, Santa Izabel do Rio Negro e Urucurituba, no Amazonas, eMacuja\u00ed, em Roraima. De 24 a 28 de agosto est\u00e1 prevista a realiza\u00e7\u00e3o de um treinamento do SipamCidade para atender 13 prefeituras do Acre. Entre as cidades convidadas estar\u00e3o\u00a0Cruzeiro do Sul, Marechal Thaumaturgo, Santa Rosa do Purus e Acrel\u00e2ndia. Altamira, Santar\u00e9m e Marab\u00e1 servir\u00e3o de sede para a capacita\u00e7\u00e3o de t\u00e9cnicos em geotecnologias que deve reunir cerca de 40 prefeituras do Par\u00e1. Os cursos devem iniciar em agosto.<\/p>\n<p>Os demais munic\u00edpios que j\u00e1 receberam o mutir\u00e3o do Arco Verde Terra Legal j\u00e1 est\u00e3o indicando seus t\u00e9cnicos para participar dos pr\u00f3ximos treinamentos do SipamCidade, que acontecer\u00e3o no segundo semestre. A expectativa do Sipam \u00e9 que sejam capacitados t\u00e9cnicos de 500 cidades, at\u00e9 o final do ano. Desde o seu lan\u00e7amento, em outubro de 2008, o SipamCidade j\u00e1 capacitou\u00a0438\u00a0t\u00e9cnicos, de\u00a0227munic\u00edpios e institui\u00e7\u00f5es p\u00fablicas da Amaz\u00f4nia Legal. Outras informa\u00e7\u00f5es sobre o programa podem ser obtidas no endere\u00e7o eletr\u00f4nico\u00a0<a href=\"http:\/\/www.sipam.gov.br\/\" target=\"_blank\">www.sipam.gov.br<\/a> (Inscreva-se no SipamCidade).<\/p>\n<p>Cidades do Mato Grosso que inscreveram t\u00e9cnicos nesta etapa do SipamCidade: Alta Floresta, Apiac\u00e1s, Carlinda, Col\u00edder, Guarant\u00e3 do Norte, Ita\u00faba, Marcel\u00e2ndia, Matup\u00e1, Nova Bandeirantes, Nova Santa Helena, Novo Mundo, Parana\u00edta e Peixoto de Azevedo.<\/p>\n","protected":false},"excerpt":{"rendered":"<p>O Sistema de Prote\u00e7\u00e3o da Amaz\u00f4nia (Sipam), vinculado \u00e0 Casa Civil da Presid\u00eancia da Rep\u00fablica, inicia na pr\u00f3xima segunda-feira (27) a capacita\u00e7\u00e3o da primeira turma de t\u00e9cnicos dos munic\u00edpios priorit\u00e1rios do mutir\u00e3o Arco Verde Terra Legal para o uso de geotecnologias. O programa SipamCidade reunir\u00e1 durante cinco dias cerca de 30 profissionais de 13 prefeituras [&hellip;]<\/p>\n","protected":false},"author":2,"featured_media":0,"comment_status":"open","ping_status":"open","sticky":false,"template":"","format":"standard","meta":{"tdm_status":"","tdm_grid_status":"","footnotes":""},"categories":[22],"tags":[],"class_list":{"0":"post-6323","1":"post","2":"type-post","3":"status-publish","4":"format-standard","6":"category-brasil"},"_links":{"self":[{"href":"https:\/\/migracao.redenoticia.com.br\/noticia\/wp-json\/wp\/v2\/posts\/6323","targetHints":{"allow":["GET"]}}],"collection":[{"href":"https:\/\/migracao.redenoticia.com.br\/noticia\/wp-json\/wp\/v2\/posts"}],"about":[{"href":"https:\/\/migracao.redenoticia.com.br\/noticia\/wp-json\/wp\/v2\/types\/post"}],"author":[{"embeddable":true,"href":"https:\/\/migracao.redenoticia.com.br\/noticia\/wp-json\/wp\/v2\/users\/2"}],"replies":[{"embeddable":true,"href":"https:\/\/migracao.redenoticia.com.br\/noticia\/wp-json\/wp\/v2\/comments?post=6323"}],"version-history":[{"count":0,"href":"https:\/\/migracao.redenoticia.com.br\/noticia\/wp-json\/wp\/v2\/posts\/6323\/revisions"}],"wp:attachment":[{"href":"https:\/\/migracao.redenoticia.com.br\/noticia\/wp-json\/wp\/v2\/media?parent=6323"}],"wp:term":[{"taxonomy":"category","embeddable":true,"href":"https:\/\/migracao.redenoticia.com.br\/noticia\/wp-json\/wp\/v2\/categories?post=6323"},{"taxonomy":"post_tag","embeddable":true,"href":"https:\/\/migracao.redenoticia.com.br\/noticia\/wp-json\/wp\/v2\/tags?post=6323"}],"curies":[{"name":"wp","href":"https:\/\/api.w.org\/{rel}","templated":true}]}}