{"id":6325,"date":"2009-07-23T16:20:04","date_gmt":"2009-07-23T20:20:04","guid":{"rendered":"http:\/\/www.redenoticia.com.br\/noticia\/?p=6325"},"modified":"2009-07-27T02:05:48","modified_gmt":"2009-07-27T02:05:48","slug":"climatempo-interior-do-ceara-registra-muita-chuva-para-julho","status":"publish","type":"post","link":"https:\/\/migracao.redenoticia.com.br\/noticia\/2009\/climatempo-interior-do-ceara-registra-muita-chuva-para-julho\/6325","title":{"rendered":"Climatempo interior do Cear\u00e1 registra muita chuva para julho"},"content":{"rendered":"<p>Segundo a Climatempo, no fim de semana massa de ar seco ganha for\u00e7a, De ontem para hoje, v\u00e1rias localidades no interior do Cear\u00e1 registraram uma quantidade de chuva incomum para o m\u00eas de julho, uma \u00e9poca que j\u00e1 \u00e9 de seca no Estado. De acordo com Instituto Nacional de Meteorologia, em Barbalha, no sul do Cear\u00e1, choveu 52 mil\u00edmetros entre 9 horas de ontem e 9 horas desta quinta-feira &#8211; quase cinco vezes mais do que o normal para o m\u00eas. A m\u00e9dia de chuva em Barbalha, em julho, \u00e9 de aproximadamente 12 mil\u00edmetros. Em Guaramiranga, no norte do Estado, choveu 57 mil\u00edmetros, sendo que a m\u00e9dia mensal \u00e9 de 133 mil\u00edmetros. A regi\u00e3o de Quixeramobim teve um dia o equivalente a chuva de 1 m\u00eas.<br \/>\nDe ontem para hoje, foram acumulados 49 mil\u00edmetros e a m\u00e9dia normal para julho \u00e9 de 46 mil\u00edmetros. A capital, Fortaleza, registrou 28 mil\u00edmetros. N\u00e3o parece muito, mas tamb\u00e9m \u00e9 chuva demais para esta \u00e9poca. Contando com o que j\u00e1 choveu desde o in\u00edcio do m\u00eas, a capital cearense acumulava 189 mil\u00edmetros at\u00e9 as 9 horas desta quinta-feira. Isto significa que j\u00e1 choveu mais do que o dobro do normal para julho.<\/p>\n<p>A chuva excessiva das \u00faltimas 24 horas foi resultado de um grande aumento de umidade que come\u00e7ou a ocorrer desde o in\u00edcio da semana sobre parte do Nordeste. Assim como o Cear\u00e1, localidades dos Estados do Rio Grande do Norte, da Para\u00edba e do Pernambuco tamb\u00e9m tiveram chuvas moderadas a fortes, para esta \u00e9poca nas \u00faltimas 24 horas.<\/p>\n<p>Segundo dados do Instituto Nacional de Meteorologia, em Areia, no interior da Para\u00edba, choveu cerca de 40 mil\u00edmetros entre 9 horas de quarta e 9 horas desta quinta-feira. Em Jo\u00e3o Pessoa foram cerca de 15 mil\u00edmetros acumulados, que elevaram o total do m\u00eas para 395 mil\u00edmetros, valor que \u00e9 36% acima da m\u00e9dia normal.<\/p>\n<p>Nesta sexta-feira, a umidade diminui em toda a \u00e1rea entre o Cear\u00e1 e o Pernambuco. O sol reaparece com mais for\u00e7a, mas ainda poder\u00e3o ocorrer chuvas leves e r\u00e1pidas. No Piau\u00ed, ainda poder\u00e1 chover em Teresina e no norte do Estado, tamb\u00e9m com pouca intensidade. Por\u00e9m, a umidade j\u00e1 est\u00e1 aumentando sobre o Maranh\u00e3o e v\u00e1rias localidades do Estado poder\u00e3o ter chuvas moderadas, pouco comuns para o m\u00eas de julho.<\/p>\n<p>No fim de semana, uma grande massa de ar seco ganha for\u00e7a sobre o Nordeste e toda a Regi\u00e3o ter\u00e1 muito sol. Algumas poucas precipita\u00e7\u00f5es poder\u00e3o ser observadas no litoral entre Natal e Salvador.<\/p>\n<p>Sobre o Grupo Climatempo<\/p>\n<p>O Grupo Climatempo \u00e9 a maior empresa privada de meteorologia do pa\u00eds. Uma holding formada pela Climatempo Consultoria, Ag\u00eancia Climatempo, a TV Climatempo e a CLIMANET (Internet, servi\u00e7os de tecnologia e inform\u00e1tica). Atualmente, o Grupo Climatempo fornece conte\u00fado para os principais portais do pa\u00eds, mais de 50 retransmissoras de televis\u00e3o do Brasil, r\u00e1dios e tem cerca de mil clientes. Os dois principais segmentos atendidos s\u00e3o o de agroneg\u00f3cios e meios de comunica\u00e7\u00e3o. Al\u00e9m destes, fornece conte\u00fado meteorol\u00f3gico estrat\u00e9gico para produtoras, a ind\u00fastria eletroeletr\u00f4nica e t\u00eaxtil, com\u00e9rcio, moda e turismo, constru\u00e7\u00e3o civil, setor de energia, entre outros setores.<\/p>\n<p>O Grupo \u00e9 presidido pelo meteorologista Carlos Magno, um dos primeiros comunicadores da profiss\u00e3o no Pa\u00eds, com mais de 23 anos de carreira, que ajudou a mudar a cultura que o brasileiro tinha sobre a meteorologia. O Grupo Climatempo conta ainda com Ana L\u00facia Frony vice-presidente, Renato Urbinder, s\u00f3cio-diretor (Diretor de Neg\u00f3cios e Projetos Especiais), e os diretores executivos Gilca Palma (Climatempo Meteorologia), Andr\u00e9 Madeira (Ag\u00eancia Climatempo) e o jornalista Paulo Polli (TV Climatempo) no Conselho Consultivo.<\/p>\n","protected":false},"excerpt":{"rendered":"<p>Segundo a Climatempo, no fim de semana massa de ar seco ganha for\u00e7a, De ontem para hoje, v\u00e1rias localidades no interior do Cear\u00e1 registraram uma quantidade de chuva incomum para o m\u00eas de julho, uma \u00e9poca que j\u00e1 \u00e9 de seca no Estado. De acordo com Instituto Nacional de Meteorologia, em Barbalha, no sul do [&hellip;]<\/p>\n","protected":false},"author":3,"featured_media":0,"comment_status":"open","ping_status":"open","sticky":false,"template":"","format":"standard","meta":{"tdm_status":"","tdm_grid_status":"","footnotes":""},"categories":[22,327],"tags":[],"class_list":{"0":"post-6325","1":"post","2":"type-post","3":"status-publish","4":"format-standard","6":"category-brasil","7":"category-clima"},"_links":{"self":[{"href":"https:\/\/migracao.redenoticia.com.br\/noticia\/wp-json\/wp\/v2\/posts\/6325","targetHints":{"allow":["GET"]}}],"collection":[{"href":"https:\/\/migracao.redenoticia.com.br\/noticia\/wp-json\/wp\/v2\/posts"}],"about":[{"href":"https:\/\/migracao.redenoticia.com.br\/noticia\/wp-json\/wp\/v2\/types\/post"}],"author":[{"embeddable":true,"href":"https:\/\/migracao.redenoticia.com.br\/noticia\/wp-json\/wp\/v2\/users\/3"}],"replies":[{"embeddable":true,"href":"https:\/\/migracao.redenoticia.com.br\/noticia\/wp-json\/wp\/v2\/comments?post=6325"}],"version-history":[{"count":0,"href":"https:\/\/migracao.redenoticia.com.br\/noticia\/wp-json\/wp\/v2\/posts\/6325\/revisions"}],"wp:attachment":[{"href":"https:\/\/migracao.redenoticia.com.br\/noticia\/wp-json\/wp\/v2\/media?parent=6325"}],"wp:term":[{"taxonomy":"category","embeddable":true,"href":"https:\/\/migracao.redenoticia.com.br\/noticia\/wp-json\/wp\/v2\/categories?post=6325"},{"taxonomy":"post_tag","embeddable":true,"href":"https:\/\/migracao.redenoticia.com.br\/noticia\/wp-json\/wp\/v2\/tags?post=6325"}],"curies":[{"name":"wp","href":"https:\/\/api.w.org\/{rel}","templated":true}]}}